{"id":6792,"date":"2012-06-26T19:15:00","date_gmt":"2012-06-26T19:15:00","guid":{"rendered":"http:\/\/formalprision.info\/2012\/06\/26\/queria-hacer-fiesta-gratis-roba\/"},"modified":"2015-06-03T08:51:39","modified_gmt":"2015-06-03T08:51:39","slug":"queria-hacer-fiesta-gratis-roba","status":"publish","type":"post","link":"https:\/\/formalprision.com\/?p=6792","title":{"rendered":"Quer\u00eda hacer fiesta gratis: roba arrachera y queso manchego en Chedraui"},"content":{"rendered":"<p><\/p>\n<div class=\"separator\" style=\"clear: both; text-align: center;\"><a href=\"http:\/\/3.bp.blogspot.com\/-z8jV5A0DtjE\/T-n95uPo91I\/AAAAAAAAHS0\/zDExxJK4mA4\/s1600\/aaqyesi.jpg\" imageanchor=\"1\" style=\"margin-left: 1em; margin-right: 1em;\"><img loading=\"lazy\" decoding=\"async\" border=\"0\" height=\"320\" src=\"http:\/\/formalprision.com\/wp-content\/uploads\/2012\/06\/aaqyesi.jpg\" width=\"319\" \/><\/a><\/div>\n<div class=\"MsoNormal\" style=\"background-color: white; background-position: initial initial; background-repeat: initial initial; margin-bottom: 0.0001pt;\">Manuel Antonio Mijangos fue detenido por robar varios paquetes de arrachera y queso manchego en un supermercado de M\u00e9rida.<\/div>\n<div class=\"MsoNormal\" style=\"background-color: white; background-position: initial initial; background-repeat: initial initial; margin-bottom: 0.0001pt;\">El sujeto fue remitido al Juzgado &nbsp;S\u00e9ptimo Penal, acusado de robo por Ra\u00fal de Jes\u00fas Ek Mex, vigilante de la tienda Chedraui Oriente.<\/div>\n<div class=\"MsoNormal\" style=\"background-color: white; background-position: initial initial; background-repeat: initial initial; margin-bottom: 0.0001pt;\">El robo ocurri\u00f3 a las 3 de la tarde, cuando Manuel Antonio Mijangos fue a la tienda y tom\u00f3 cuatro paquetes de arrachera, uno de queso manchego, tres panes y un refresco.<\/div>\n<div class=\"MsoNormal\" style=\"background-color: white; background-position: initial initial; background-repeat: initial initial; margin-bottom: 7.65pt;\">Se dirigi\u00f3 a las cajas, pero solo pag\u00f3 lo m\u00e1s barato, es decir los panes y el refresco.<\/div>\n<div class=\"MsoNormal\" style=\"background-color: white; background-position: initial initial; background-repeat: initial initial; margin-bottom: 7.65pt;\">Cuando sal\u00eda, fue abordado por los vigilantes que se dieron cuenta de la mala acci\u00f3n y lo detuvieron.<\/div>\n<div class=\"MsoNormal\" style=\"background-color: white; background-position: initial initial; background-repeat: initial initial; margin-bottom: 7.65pt;\">El detenido neg\u00f3 el hurto, pero no pudo exhibir la nota de venta de los productos que sac\u00f3 sin pagar, por lo que entregado a la SSP y luego &nbsp;remitido al Ministerio P\u00fablico.<\/div>\n<div class=\"MsoNormal\" style=\"background-color: white; background-position: initial initial; background-repeat: initial initial; margin-bottom: 7.65pt;\">Posteriormente lleg\u00f3 al&nbsp; Juzgado S\u00e9ptimo.&nbsp;<\/div>\n","protected":false},"excerpt":{"rendered":"<p>Manuel Antonio Mijangos fue detenido por robar varios paquetes de arrachera y queso manchego en un supermercado de M\u00e9rida. El sujeto fue remitido al Juzgado &nbsp;S\u00e9ptimo Penal, acusado de robo<\/p>\n","protected":false},"author":1,"featured_media":23684,"comment_status":"open","ping_status":"open","sticky":false,"template":"","format":"standard","meta":{"jetpack_post_was_ever_published":false,"_jetpack_newsletter_access":"","_jetpack_dont_email_post_to_subs":false,"_jetpack_newsletter_tier_id":0,"_jetpack_memberships_contains_paywalled_content":false,"_jetpack_memberships_contains_paid_content":false,"footnotes":"","jetpack_publicize_message":"","jetpack_publicize_feature_enabled":true,"jetpack_social_post_already_shared":false,"jetpack_social_options":{"image_generator_settings":{"template":"highway","default_image_id":0,"font":"","enabled":false},"version":2}},"categories":[45,3,1,54],"tags":[],"class_list":["post-6792","post","type-post","status-publish","format-standard","has-post-thumbnail","hentry","category-delincuentes-vip","category-portada","category-sin-categoria","category-yucatan"],"jetpack_publicize_connections":[],"jetpack_featured_media_url":"https:\/\/formalprision.com\/wp-content\/uploads\/2012\/06\/aaqyesi.jpg","jetpack_sharing_enabled":true,"jetpack_shortlink":"https:\/\/wp.me\/p6id8p-1Ly","_links":{"self":[{"href":"https:\/\/formalprision.com\/index.php?rest_route=\/wp\/v2\/posts\/6792","targetHints":{"allow":["GET"]}}],"collection":[{"href":"https:\/\/formalprision.com\/index.php?rest_route=\/wp\/v2\/posts"}],"about":[{"href":"https:\/\/formalprision.com\/index.php?rest_route=\/wp\/v2\/types\/post"}],"author":[{"embeddable":true,"href":"https:\/\/formalprision.com\/index.php?rest_route=\/wp\/v2\/users\/1"}],"replies":[{"embeddable":true,"href":"https:\/\/formalprision.com\/index.php?rest_route=%2Fwp%2Fv2%2Fcomments&post=6792"}],"version-history":[{"count":0,"href":"https:\/\/formalprision.com\/index.php?rest_route=\/wp\/v2\/posts\/6792\/revisions"}],"wp:featuredmedia":[{"embeddable":true,"href":"https:\/\/formalprision.com\/index.php?rest_route=\/wp\/v2\/media\/23684"}],"wp:attachment":[{"href":"https:\/\/formalprision.com\/index.php?rest_route=%2Fwp%2Fv2%2Fmedia&parent=6792"}],"wp:term":[{"taxonomy":"category","embeddable":true,"href":"https:\/\/formalprision.com\/index.php?rest_route=%2Fwp%2Fv2%2Fcategories&post=6792"},{"taxonomy":"post_tag","embeddable":true,"href":"https:\/\/formalprision.com\/index.php?rest_route=%2Fwp%2Fv2%2Ftags&post=6792"}],"curies":[{"name":"wp","href":"https:\/\/api.w.org\/{rel}","templated":true}]}}