{"id":6796,"date":"2012-06-25T22:30:00","date_gmt":"2012-06-25T22:30:00","guid":{"rendered":"http:\/\/formalprision.info\/2012\/06\/25\/pareja-de-adolescentes-escapan-de-sus\/"},"modified":"2015-06-03T08:51:39","modified_gmt":"2015-06-03T08:51:39","slug":"pareja-de-adolescentes-escapan-de-sus","status":"publish","type":"post","link":"https:\/\/formalprision.com\/?p=6796","title":{"rendered":"Pareja de adolescentes escapan de sus casas en Veracruz y los encuentran en M\u00e9rida"},"content":{"rendered":"<p><\/p>\n<div class=\"MsoNormal\" style=\"text-align: justify;\">\n<div class=\"separator\" style=\"clear: both; text-align: center;\"><a href=\"http:\/\/4.bp.blogspot.com\/-WNYJb51Pz6s\/T-jmKlfPFzI\/AAAAAAAAHR4\/t0zZgti0w3o\/s1600\/aadolescesss+sss.jpg\" imageanchor=\"1\" style=\"margin-left: 1em; margin-right: 1em;\"><img loading=\"lazy\" decoding=\"async\" border=\"0\" height=\"213\" src=\"http:\/\/formalprision.com\/wp-content\/uploads\/2012\/06\/aadolescesss-sss.jpg\" width=\"320\" \/><\/a><\/div>\n<p>Dos adolescentes que escaparon de sus casas en Veracruz fueron localizados en M\u00e9rida por agentes polic\u00edacos.<\/p><\/div>\n<div class=\"MsoNormal\" style=\"text-align: justify;\">Los adolescentes, un var\u00f3n de 17 a\u00f1os y una jovencita de 13, ser\u00e1n entregados en las pr\u00f3ximas horas a sus padres.<\/div>\n<div class=\"MsoNormal\" style=\"text-align: justify;\">Se les localiz\u00f3 ayer a las 22:00 horas en el interior de la Plaza Grande, donde los agentes se percataron de los dos menores que &nbsp;se encontraban en actitud indecisa. <\/div>\n<div class=\"MsoNormal\" style=\"text-align: justify;\">Al ser interrogados por los polic\u00edas, el adolescente de in\u00edciales A.M.L. de 17 a\u00f1os de edad, y la menor Y.M.M. de 13 a\u00f1os, manifestaron ser de Veracruz y que se encontraban extraviados en M\u00e9rida. No ten\u00edan a ning\u00fan familiar en la ciudad.<\/div>\n<div class=\"MsoNormal\" style=\"text-align: justify;\">Ante tale hechos fueron trasladados, por su seguridad, a las instalaciones de la Polic\u00eda Municipal de M\u00e9rida, en donde a trav\u00e9s de Plataforma M\u00e9xico se inicio un proceso de investigaci\u00f3n para la localizaci\u00f3n de sus padres, estableci\u00e9ndose contacto v\u00eda telef\u00f3nica con ellos en la ciudad de Veracruz, manifestado acudir a buscarlos a las instalaciones de esa corporaci\u00f3n policial.<\/div>\n<div class=\"MsoNormal\" style=\"text-align: justify;\"><\/div>\n<div class=\"MsoNormal\"><\/div>\n","protected":false},"excerpt":{"rendered":"<p>Dos adolescentes que escaparon de sus casas en Veracruz fueron localizados en M\u00e9rida por agentes polic\u00edacos. Los adolescentes, un var\u00f3n de 17 a\u00f1os y una jovencita de 13, ser\u00e1n entregados<\/p>\n","protected":false},"author":1,"featured_media":23692,"comment_status":"open","ping_status":"open","sticky":false,"template":"","format":"standard","meta":{"jetpack_post_was_ever_published":false,"_jetpack_newsletter_access":"","_jetpack_dont_email_post_to_subs":false,"_jetpack_newsletter_tier_id":0,"_jetpack_memberships_contains_paywalled_content":false,"_jetpack_memberships_contains_paid_content":false,"footnotes":"","jetpack_publicize_message":"","jetpack_publicize_feature_enabled":true,"jetpack_social_post_already_shared":false,"jetpack_social_options":{"image_generator_settings":{"template":"highway","default_image_id":0,"font":"","enabled":false},"version":2}},"categories":[3,58,1],"tags":[],"class_list":["post-6796","post","type-post","status-publish","format-standard","has-post-thumbnail","hentry","category-portada","category-rescates","category-sin-categoria"],"jetpack_publicize_connections":[],"jetpack_featured_media_url":"https:\/\/formalprision.com\/wp-content\/uploads\/2012\/06\/aadolescesss-sss.jpg","jetpack_sharing_enabled":true,"jetpack_shortlink":"https:\/\/wp.me\/p6id8p-1LC","_links":{"self":[{"href":"https:\/\/formalprision.com\/index.php?rest_route=\/wp\/v2\/posts\/6796","targetHints":{"allow":["GET"]}}],"collection":[{"href":"https:\/\/formalprision.com\/index.php?rest_route=\/wp\/v2\/posts"}],"about":[{"href":"https:\/\/formalprision.com\/index.php?rest_route=\/wp\/v2\/types\/post"}],"author":[{"embeddable":true,"href":"https:\/\/formalprision.com\/index.php?rest_route=\/wp\/v2\/users\/1"}],"replies":[{"embeddable":true,"href":"https:\/\/formalprision.com\/index.php?rest_route=%2Fwp%2Fv2%2Fcomments&post=6796"}],"version-history":[{"count":0,"href":"https:\/\/formalprision.com\/index.php?rest_route=\/wp\/v2\/posts\/6796\/revisions"}],"wp:featuredmedia":[{"embeddable":true,"href":"https:\/\/formalprision.com\/index.php?rest_route=\/wp\/v2\/media\/23692"}],"wp:attachment":[{"href":"https:\/\/formalprision.com\/index.php?rest_route=%2Fwp%2Fv2%2Fmedia&parent=6796"}],"wp:term":[{"taxonomy":"category","embeddable":true,"href":"https:\/\/formalprision.com\/index.php?rest_route=%2Fwp%2Fv2%2Fcategories&post=6796"},{"taxonomy":"post_tag","embeddable":true,"href":"https:\/\/formalprision.com\/index.php?rest_route=%2Fwp%2Fv2%2Ftags&post=6796"}],"curies":[{"name":"wp","href":"https:\/\/api.w.org\/{rel}","templated":true}]}}