{"id":68,"date":"2015-05-27T18:57:00","date_gmt":"2015-05-27T18:57:00","guid":{"rendered":"http:\/\/formalprision.info\/2015\/05\/27\/a-unos-dias-de-la-eleccion-nerio-torres\/"},"modified":"2015-06-03T08:20:59","modified_gmt":"2015-06-03T08:20:59","slug":"a-unos-dias-de-la-eleccion-nerio-torres","status":"publish","type":"post","link":"https:\/\/formalprision.com\/?p=68","title":{"rendered":"A unos d\u00edas de la elecci\u00f3n, Nerio Torres Arcila encabeza preferencias"},"content":{"rendered":"<p>A unos d\u00edas de que finalicen las campa\u00f1as, el candidato del PRI a la alcald\u00eda de M\u00e9rida mantiene la primera posici\u00f3n en las preferencias ciudadanas, de acuerdo con datos de reciente encuesta nacional que lo coloca con 34% en intenci\u00f3n del voto, seguido de la candidata de Movimiento Ciudadano, Ana Rosa Pay\u00e1n, con el 23%.<br \/>\nEl escenario previo al cierre de campa\u00f1as anticipa que Torres Arcila ganar\u00e1 las elecciones del 7 de junio, en una contienda que deja en segunda posici\u00f3n a la abanderada de Movimiento Ciudadano, Ana Rosa Pay\u00e1n \u2014dos veces alcaldesa\u2014, y al panista Mauricio Vila Dosal hundido en el tercer lugar.<\/p>\n<p><b>El aspirante panista, en picada<\/b><\/p>\n<p>Vila Dosal va en picada y empantanado en el mismo discurso de retos y descalificaciones con que ha llevado a su partido a una severa crisis interna, al grado de que connotadas figuras del PAN retiraron su apoyo al candidato blanquiazul y se pronunciaron a favor de Ana Rosa Pay\u00e1n.<br \/>\nEn la m\u00e1s reciente encuesta, difundida por Javier Alatorre en el noticiario \u201cHechos Noche\u201d de TV Azteca, Mauricio Vila tiene el 20% de la intenci\u00f3n del voto, seguido en cuarto y quinto lugar por los candidatos del PRD Carlos Carvajal (3%) y de Morena, Hilda Ak\u00e9 (1%).<br \/>\nLa encuesta, realizada por la empresa 2B Marketing &amp; Publicidad, indica que 19% de los ciudadanos consultados estaban indecisos. Su margen de error es de +-5%, con un nivel de confianza de 97%, mencion\u00f3 el noticiario televisivo.<br \/>\nEl primer lugar de Nerio Torres Arcila en la encuesta se explica como resultado de una campa\u00f1a propositiva que busca el acercamiento del candidato con la gente, de quien toma nota y se compromete para resolver sus problemas.<br \/>\nA Torres Arcila lo respaldan la solidez y viabilidad de 50 compromisos que ha hecho saber con claridad a los habitantes de M\u00e9rida en numerosas caminatas y actos donde el objetivo es construir y no descalificar, se\u00f1al\u00f3 una fuente del PRI consultada al respecto.<br \/>\nLa candidata Ana Rosa Pay\u00e1n mantiene un firme segundo lugar, que se explica por el amplio conocimiento que tienen los meridanos de quien fue dos veces alcaldesa y tambi\u00e9n candidata a la gubernatura.<br \/>\nEn el extremo opuesto est\u00e1 Mauricio Vila, figura poco conocida que gener\u00f3 reacciones contrarias de militantes panistas contra la c\u00fapula de su partido.<br \/>\nDesde el arranque de campa\u00f1a, inconformidades de ese sector se manifestaron en Facebook con la popular cuenta \u201cLos panistas con Ana Rosa Pay\u00e1n\u201d.<\/p>\n<p><b>Vila, relegado al tercer lugar<\/b><\/p>\n<p>Tras la encuesta que relega a Vila Dosal a un tercer sitio, la conmoci\u00f3n en el PAN sac\u00f3 a relucir sus divisiones internas y un clima de mayor desesperaci\u00f3n.&nbsp;<br \/>\nExpresiones inmediatas de frustraci\u00f3n de numerosos panistas se dejaron sentir en redes sociales desde ese d\u00eda. Publicaron \u201cmemes\u201d y ataques en voz de radicales y trolls; sin embargo la proyecci\u00f3n de Ana Rosa Pay\u00e1n hoy la coloca como contendiente seria frente a Torres Arcila.<br \/>\nComo efecto domin\u00f3, dos connotados panistas se pronunciaron p\u00fablicamente en contra de los intereses financieros detr\u00e1s de Mauricio Vila, que han llevado al PAN a pasar por alto sus principios y valores ideol\u00f3gicos.<br \/>\nEl viernes lo hizo el ex diputado Alberto del R\u00edo Leal, figura cercana al ex gobernador Patricio Patr\u00f3n, quien se\u00f1al\u00f3 que \u201cen definitiva, el PAN ya no es un referente de honestidad y honradez\u201d.<br \/>\nEl lunes la diputada Mar\u00eda Yolanda Valencia Vales, sin renunciar a su militancia, expres\u00f3 su apoyo para Ana Rosa Pay\u00e1n, tal como lo hizo Alberto del R\u00edo.<br \/>\n\u201cNo puedo mantener c\u00f3mplice silencio al ver que el PAN desarrolla acciones que responden a intereses de un grupo que tiene secuestrado a mi partido\u201d, dijo la legisladora acompa\u00f1ada de vecinos panistas de la colonia M\u00e9xico.<br \/>\nNo se descartan m\u00e1s inconformidades y deslindes en el PAN.<br \/>\nA pocos d\u00edas de la elecci\u00f3n, mientras el abanderado panista contin\u00faa desplom\u00e1ndose, el candidato que siempre habla de propuestas y soluciones se perfila como favorito para el 7 de junio.<\/p>\n<p><\/p>\n<div class=\"separator\" style=\"clear: both; text-align: center;\">\n<a href=\"http:\/\/2.bp.blogspot.com\/-YvicfE2wD68\/VWYTnZJQbcI\/AAAAAAAAFT4\/3TUZj4xjGgc\/s1600\/encuesta.jpg\" imageanchor=\"1\" style=\"margin-left: 1em; margin-right: 1em;\"><img loading=\"lazy\" decoding=\"async\" border=\"0\" height=\"240\" src=\"http:\/\/formalprision.com\/wp-content\/uploads\/2015\/05\/encuesta.jpg\" width=\"320\"><\/a><\/div>\n","protected":false},"excerpt":{"rendered":"<p>A unos d\u00edas de que finalicen las campa\u00f1as, el candidato del PRI a la alcald\u00eda de M\u00e9rida mantiene la primera posici\u00f3n en las preferencias ciudadanas, de acuerdo con datos de<\/p>\n","protected":false},"author":1,"featured_media":10132,"comment_status":"open","ping_status":"open","sticky":false,"template":"","format":"standard","meta":{"jetpack_post_was_ever_published":false,"_jetpack_newsletter_access":"","_jetpack_dont_email_post_to_subs":false,"_jetpack_newsletter_tier_id":0,"_jetpack_memberships_contains_paywalled_content":false,"_jetpack_memberships_contains_paid_content":false,"footnotes":"","jetpack_publicize_message":"","jetpack_publicize_feature_enabled":true,"jetpack_social_post_already_shared":false,"jetpack_social_options":{"image_generator_settings":{"template":"highway","default_image_id":0,"font":"","enabled":false},"version":2}},"categories":[7,17,3,1],"tags":[],"class_list":["post-68","post","type-post","status-publish","format-standard","has-post-thumbnail","hentry","category-breves","category-politica-y-gobierno","category-portada","category-sin-categoria"],"jetpack_publicize_connections":[],"jetpack_featured_media_url":"https:\/\/formalprision.com\/wp-content\/uploads\/2015\/05\/encuesta.jpg","jetpack_sharing_enabled":true,"jetpack_shortlink":"https:\/\/wp.me\/p6id8p-16","_links":{"self":[{"href":"https:\/\/formalprision.com\/index.php?rest_route=\/wp\/v2\/posts\/68","targetHints":{"allow":["GET"]}}],"collection":[{"href":"https:\/\/formalprision.com\/index.php?rest_route=\/wp\/v2\/posts"}],"about":[{"href":"https:\/\/formalprision.com\/index.php?rest_route=\/wp\/v2\/types\/post"}],"author":[{"embeddable":true,"href":"https:\/\/formalprision.com\/index.php?rest_route=\/wp\/v2\/users\/1"}],"replies":[{"embeddable":true,"href":"https:\/\/formalprision.com\/index.php?rest_route=%2Fwp%2Fv2%2Fcomments&post=68"}],"version-history":[{"count":0,"href":"https:\/\/formalprision.com\/index.php?rest_route=\/wp\/v2\/posts\/68\/revisions"}],"wp:featuredmedia":[{"embeddable":true,"href":"https:\/\/formalprision.com\/index.php?rest_route=\/wp\/v2\/media\/10132"}],"wp:attachment":[{"href":"https:\/\/formalprision.com\/index.php?rest_route=%2Fwp%2Fv2%2Fmedia&parent=68"}],"wp:term":[{"taxonomy":"category","embeddable":true,"href":"https:\/\/formalprision.com\/index.php?rest_route=%2Fwp%2Fv2%2Fcategories&post=68"},{"taxonomy":"post_tag","embeddable":true,"href":"https:\/\/formalprision.com\/index.php?rest_route=%2Fwp%2Fv2%2Ftags&post=68"}],"curies":[{"name":"wp","href":"https:\/\/api.w.org\/{rel}","templated":true}]}}