{"id":6800,"date":"2012-06-23T21:09:00","date_gmt":"2012-06-23T21:09:00","guid":{"rendered":"http:\/\/formalprision.info\/2012\/06\/23\/policias-de-la-ssp-van-al-cine-antes-de\/"},"modified":"2015-06-03T08:51:40","modified_gmt":"2015-06-03T08:51:40","slug":"policias-de-la-ssp-van-al-cine-antes-de","status":"publish","type":"post","link":"https:\/\/formalprision.com\/?p=6800","title":{"rendered":"Polic\u00edas de la SSP van al cine antes de ser acuartelados por elecciones"},"content":{"rendered":"<p><\/p>\n<div class=\"separator\" style=\"clear: both; text-align: center;\"><a href=\"http:\/\/1.bp.blogspot.com\/-HvZDlUeWOQ8\/T-YwaB7sMVI\/AAAAAAAAHQ8\/A_CmaclzGhE\/s1600\/aaachirriosIMG_4936.JPG\" imageanchor=\"1\" style=\"margin-left: 1em; margin-right: 1em;\"><img loading=\"lazy\" decoding=\"async\" border=\"0\" height=\"213\" src=\"http:\/\/formalprision.com\/wp-content\/uploads\/2012\/06\/aaachirriosIMG_4936.jpg\" width=\"320\" \/><\/a><\/div>\n<div class=\"MsoNormal\" style=\"background-color: white; background-position: initial initial; background-repeat: initial initial; margin-bottom: 0.0001pt;\">Antes de ser acuartelados por las elecciones, un grupo de agentes de la SSP acudi\u00f3 al cine, como parte de un programa para inculcar valores en los agentes y sus familias.<\/div>\n<div class=\"MsoNormal\" style=\"background-color: white; background-position: initial initial; background-repeat: initial initial; margin-bottom: 0.0001pt;\">El programa es apoyado por la Canacintra y es la segunda proyecci\u00f3n, pues la semana pasada otro grupo de agentes hizo lo mismo.<\/div>\n<div class=\"MsoNormal\" style=\"background-color: white; background-position: initial initial; background-repeat: initial initial; margin-bottom: 0.0001pt;\">Antes de la proyecci\u00f3n, el &nbsp;secretario de Seguridad P\u00fablica, Luis Felipe Said\u00e9n Ojeda, se dirigi\u00f3 a los agentes y les dijo que una familia integrada y unida los ayuda a crecer como seres humanos y como servidores p\u00fablicos.<\/div>\n<div class=\"MsoNormal\" style=\"background-color: white; background-position: initial initial; background-repeat: initial initial; margin-bottom: 0.0001pt;\">Los agentes y sus familias asistieron a la proyecci\u00f3n de la pel\u00edcula \u00abReto de Valientes\u00bb en 2 salas del Cinema Siglo XXI.<\/div>\n<div class=\"MsoNormal\" style=\"background-color: white; background-position: initial initial; background-repeat: initial initial; margin-bottom: 0.0001pt;\">El jefe policial explic\u00f3 que el filme por su tem\u00e1tica es un modo para promover los valores humanos y la integraci\u00f3n familiar.<\/div>\n<div class=\"MsoNormal\" style=\"background-color: white; background-position: initial initial; background-repeat: initial initial; margin-bottom: 0.0001pt;\"><\/div>\n<div class=\"MsoNormal\" style=\"background-color: white; background-position: initial initial; background-repeat: initial initial; margin-bottom: 0.0001pt;\">\u00abLos polic\u00edas no tenemos muchas oportunidades como \u00e9sta, de estar en familia porque as\u00ed es nuestro trabajo, lo sabemos, lo aceptamos, es nuestra vocaci\u00f3n\u00bb.<\/div>\n<div class=\"MsoNormal\" style=\"background-color: white; background-position: initial initial; background-repeat: initial initial; margin-bottom: 0.0001pt;\">Sin embargo, agreg\u00f3, podemos y debemos aprovechar mejor nuestro tiempo libre, dedic\u00e1ndoselo a la familia.&nbsp;<\/div>\n<div class=\"MsoNormal\" style=\"background-color: white; background-position: initial initial; background-repeat: initial initial; margin-bottom: 0.0001pt;\">Por su parte, la presidenta de la Canacintra, Marisol Lugo Ayora, dijo que los elementos de la SSP, con su esfuerzo y lealtad, han logrado la confianza de la sociedad.<\/div>\n<div class=\"MsoNormal\" style=\"background-color: white; background-position: initial initial; background-repeat: initial initial; margin-bottom: 0.0001pt;\">Manifest\u00f3 que la paz y la tranquilidad de Yucat\u00e1n son resultado del trabajo de los polic\u00edas y tambi\u00e9n de sus familias, que los apoyan.<\/div>\n<div class=\"MsoNormal\" style=\"background-color: white; background-position: initial initial; background-repeat: initial initial; margin-bottom: 0.0001pt;\">La dirigente empresarial &nbsp;indic\u00f3 que toca a la sociedad, valorar la labor que diariamente realizan los polic\u00edas.<\/div>\n<div class=\"MsoNormal\" style=\"background-color: white; background-position: initial initial; background-repeat: initial initial; margin-bottom: 0.0001pt;\">El c\u00f3nsul honorario de Francia en Yucat\u00e1n Mario Ancona Teigell se refiri\u00f3 a los valores que se tratan en la pel\u00edcula, como la honestidad, la valent\u00eda y el orgullo del deber cumplido; y se\u00f1al\u00f3 que para el sector empresarial es una forma de agradecer y reconocer la labor de la Polic\u00eda Estatal.<\/div>\n<div class=\"MsoNormal\" style=\"background-color: white; background-position: initial initial; background-repeat: initial initial; margin-bottom: 0.0001pt;\">A las familias de los polic\u00edas, Ancona Teigell les dijo que \u00bb tienen junto a ellos a una persona con defectos y cualidades, a un ser humano que hizo un juramento de proteger y de servir, y eso es algo que nosotros como sociedad respetamos\u00bb.<\/div>\n<div class=\"MsoNormal\" style=\"background-color: white; background-position: initial initial; background-repeat: initial initial; margin-bottom: 0.0001pt;\">La proyecci\u00f3n de \u00abReto de Valientes\u00bb a los polic\u00edas y sus familias es una iniciativa conjunta de la SSP y la Canacintra a trav\u00e9s de su delegaci\u00f3n Yucat\u00e1n y de la Comisi\u00f3n Nacional de Seguridad P\u00fablica que preside el Industrial Luis Alfonso Rodr\u00edguez Campos.<\/div>\n<div class=\"MsoNormal\" style=\"background-color: white; background-position: initial initial; background-repeat: initial initial; margin-bottom: 0.0001pt;\">El s\u00e1bado pasado la vieron polic\u00edas del sector poniente y de los Centros Integrales de Seguridad P\u00fablica.<\/div>\n<div class=\"MsoNormal\" style=\"background-color: white; background-position: initial initial; background-repeat: initial initial; margin-bottom: 0.0001pt;\">Hoy s\u00e1bado 23 la disfrutaron polic\u00edas de los sectores Oriente y Norte, as\u00ed como del Grupo Escudo y Educaci\u00f3n Vial, con sus c\u00f3nyuges e hijos.<\/div>\n<div class=\"MsoNormal\" style=\"background-color: white; background-position: initial initial; background-repeat: initial initial; margin-bottom: 0.0001pt;\">Pr\u00f3ximamente se proyectar\u00e1 para los dem\u00e1s elementos y sus familias, con el objetivo de promover y fortalecer la uni\u00f3n familiar y la pr\u00e1ctica de valores humanos.<\/div>\n<div class=\"MsoNormal\" style=\"background-color: white; background-position: initial initial; background-repeat: initial initial; margin-bottom: 7.65pt;\"><\/div>\n<div class=\"MsoNormal\"><\/div>\n","protected":false},"excerpt":{"rendered":"<p>Antes de ser acuartelados por las elecciones, un grupo de agentes de la SSP acudi\u00f3 al cine, como parte de un programa para inculcar valores en los agentes y sus<\/p>\n","protected":false},"author":1,"featured_media":23699,"comment_status":"open","ping_status":"open","sticky":false,"template":"","format":"standard","meta":{"jetpack_post_was_ever_published":false,"_jetpack_newsletter_access":"","_jetpack_dont_email_post_to_subs":false,"_jetpack_newsletter_tier_id":0,"_jetpack_memberships_contains_paywalled_content":false,"_jetpack_memberships_contains_paid_content":false,"footnotes":"","jetpack_publicize_message":"","jetpack_publicize_feature_enabled":true,"jetpack_social_post_already_shared":false,"jetpack_social_options":{"image_generator_settings":{"template":"highway","default_image_id":0,"font":"","enabled":false},"version":2}},"categories":[3,1,49],"tags":[],"class_list":["post-6800","post","type-post","status-publish","format-standard","has-post-thumbnail","hentry","category-portada","category-sin-categoria","category-tocho-morocho"],"jetpack_publicize_connections":[],"jetpack_featured_media_url":"https:\/\/formalprision.com\/wp-content\/uploads\/2012\/06\/aaachirriosIMG_4936.jpg","jetpack_sharing_enabled":true,"jetpack_shortlink":"https:\/\/wp.me\/p6id8p-1LG","_links":{"self":[{"href":"https:\/\/formalprision.com\/index.php?rest_route=\/wp\/v2\/posts\/6800","targetHints":{"allow":["GET"]}}],"collection":[{"href":"https:\/\/formalprision.com\/index.php?rest_route=\/wp\/v2\/posts"}],"about":[{"href":"https:\/\/formalprision.com\/index.php?rest_route=\/wp\/v2\/types\/post"}],"author":[{"embeddable":true,"href":"https:\/\/formalprision.com\/index.php?rest_route=\/wp\/v2\/users\/1"}],"replies":[{"embeddable":true,"href":"https:\/\/formalprision.com\/index.php?rest_route=%2Fwp%2Fv2%2Fcomments&post=6800"}],"version-history":[{"count":0,"href":"https:\/\/formalprision.com\/index.php?rest_route=\/wp\/v2\/posts\/6800\/revisions"}],"wp:featuredmedia":[{"embeddable":true,"href":"https:\/\/formalprision.com\/index.php?rest_route=\/wp\/v2\/media\/23699"}],"wp:attachment":[{"href":"https:\/\/formalprision.com\/index.php?rest_route=%2Fwp%2Fv2%2Fmedia&parent=6800"}],"wp:term":[{"taxonomy":"category","embeddable":true,"href":"https:\/\/formalprision.com\/index.php?rest_route=%2Fwp%2Fv2%2Fcategories&post=6800"},{"taxonomy":"post_tag","embeddable":true,"href":"https:\/\/formalprision.com\/index.php?rest_route=%2Fwp%2Fv2%2Ftags&post=6800"}],"curies":[{"name":"wp","href":"https:\/\/api.w.org\/{rel}","templated":true}]}}