{"id":6801,"date":"2012-06-23T20:59:00","date_gmt":"2012-06-23T20:59:00","guid":{"rendered":"http:\/\/formalprision.info\/2012\/06\/23\/rescata-la-armada-colombiano-y\/"},"modified":"2015-06-03T08:51:40","modified_gmt":"2015-06-03T08:51:40","slug":"rescata-la-armada-colombiano-y","status":"publish","type":"post","link":"https:\/\/formalprision.com\/?p=6801","title":{"rendered":"Rescata la Armada a colombiano y australiano de un velero a la deriva"},"content":{"rendered":"<div class=\"separator\" style=\"clear: both; text-align: center;\"><a href=\"http:\/\/2.bp.blogspot.com\/-SpXHxTT62s0\/T-Yt_zeGQ5I\/AAAAAAAAHQw\/wULqU1tUWm8\/s1600\/aasemarse.jpg\" imageanchor=\"1\" style=\"margin-left: 1em; margin-right: 1em;\"><img loading=\"lazy\" decoding=\"async\" border=\"0\" height=\"240\" src=\"http:\/\/formalprision.com\/wp-content\/uploads\/2012\/06\/aasemarse.jpg\" width=\"320\" \/><\/a><\/div>\n<p>Con apoyo de su Estaci\u00f3n Naval de B\u00fasqueda y Rescate, la Armada de M\u00e9xico realiz\u00f3 ayer un exitoso operativo de b\u00fasqueda y rescate en apoyo de los tripulantes extranjeros del velero \u201cEllida II\u201d.<br style=\"color: #333333; font-family: 'Helvetica Neue', Arial, 'Liberation Sans', FreeSans, sans-serif; font-size: 14px; line-height: 21px;\" \/>La embarcaci\u00f3n fue reportada al garete (sin propulsi\u00f3n ni gobierno)&nbsp; a 157 kil\u00f3metros al Sureste de Cozumel, Quintana Roo.<br style=\"color: #333333; font-family: 'Helvetica Neue', Arial, 'Liberation Sans', FreeSans, sans-serif; font-size: 14px; line-height: 21px;\" \/>De acuerdo con informaci\u00f3n proporcionada por la Quinta Regi\u00f3n Naval, el d\u00eda 21 se report\u00f3 la emergencia de la nave, por lo que zarp\u00f3 una embarcaci\u00f3n clase MLB con destino al \u00e1rea reportada, a fin de proporcionar el auxilio requerido.<br style=\"color: #333333; font-family: 'Helvetica Neue', Arial, 'Liberation Sans', FreeSans, sans-serif; font-size: 14px; line-height: 21px;\" \/>Para complementar el apoyo, considerando la distancia y las condiciones adversas a la navegaci\u00f3n a ra\u00edz del mal tiempo en la zona, se orden\u00f3 que una Patrulla Oce\u00e1nica con helic\u00f3ptero embarcado, se dirigiera al \u00e1rea de la emergencia, encontrando la madrugada de ayer (22 de junio) al citado velero.<br style=\"color: #333333; font-family: 'Helvetica Neue', Arial, 'Liberation Sans', FreeSans, sans-serif; font-size: 14px; line-height: 21px;\" \/>La Patrulla Oce\u00e1nica de la Armada de M\u00e9xico permaneci\u00f3 en el \u00e1rea salvaguardando la vida de los tripulantes hasta el arribo de embarcaci\u00f3n clase MLB, la cual inici\u00f3 el remolque del velero con destino a la Isla de Cozumel, Quintana Roo, donde arribaron hoy por la ma\u00f1ana, sin novedad.<br style=\"color: #333333; font-family: 'Helvetica Neue', Arial, 'Liberation Sans', FreeSans, sans-serif; font-size: 14px; line-height: 21px;\" \/>Las personas rescatadas a bordo del velero&nbsp; \u201cEllida II\u201d responden a los nombres de Timothy Walker de 57 a\u00f1os de edad de nacionalidad australiana y Diego Fernando D\u00edaz Gallo de 32 a\u00f1os de nacionalidad colombiana.<\/p>\n","protected":false},"excerpt":{"rendered":"<p>Con apoyo de su Estaci\u00f3n Naval de B\u00fasqueda y Rescate, la Armada de M\u00e9xico realiz\u00f3 ayer un exitoso operativo de b\u00fasqueda y rescate en apoyo de los tripulantes extranjeros del<\/p>\n","protected":false},"author":1,"featured_media":23701,"comment_status":"open","ping_status":"open","sticky":false,"template":"","format":"standard","meta":{"jetpack_post_was_ever_published":false,"_jetpack_newsletter_access":"","_jetpack_dont_email_post_to_subs":false,"_jetpack_newsletter_tier_id":0,"_jetpack_memberships_contains_paywalled_content":false,"_jetpack_memberships_contains_paid_content":false,"footnotes":"","jetpack_publicize_message":"","jetpack_publicize_feature_enabled":true,"jetpack_social_post_already_shared":false,"jetpack_social_options":{"image_generator_settings":{"template":"highway","default_image_id":0,"font":"","enabled":false},"version":2}},"categories":[3,58,1],"tags":[],"class_list":["post-6801","post","type-post","status-publish","format-standard","has-post-thumbnail","hentry","category-portada","category-rescates","category-sin-categoria"],"jetpack_publicize_connections":[],"jetpack_featured_media_url":"https:\/\/formalprision.com\/wp-content\/uploads\/2012\/06\/aasemarse.jpg","jetpack_sharing_enabled":true,"jetpack_shortlink":"https:\/\/wp.me\/p6id8p-1LH","_links":{"self":[{"href":"https:\/\/formalprision.com\/index.php?rest_route=\/wp\/v2\/posts\/6801","targetHints":{"allow":["GET"]}}],"collection":[{"href":"https:\/\/formalprision.com\/index.php?rest_route=\/wp\/v2\/posts"}],"about":[{"href":"https:\/\/formalprision.com\/index.php?rest_route=\/wp\/v2\/types\/post"}],"author":[{"embeddable":true,"href":"https:\/\/formalprision.com\/index.php?rest_route=\/wp\/v2\/users\/1"}],"replies":[{"embeddable":true,"href":"https:\/\/formalprision.com\/index.php?rest_route=%2Fwp%2Fv2%2Fcomments&post=6801"}],"version-history":[{"count":0,"href":"https:\/\/formalprision.com\/index.php?rest_route=\/wp\/v2\/posts\/6801\/revisions"}],"wp:featuredmedia":[{"embeddable":true,"href":"https:\/\/formalprision.com\/index.php?rest_route=\/wp\/v2\/media\/23701"}],"wp:attachment":[{"href":"https:\/\/formalprision.com\/index.php?rest_route=%2Fwp%2Fv2%2Fmedia&parent=6801"}],"wp:term":[{"taxonomy":"category","embeddable":true,"href":"https:\/\/formalprision.com\/index.php?rest_route=%2Fwp%2Fv2%2Fcategories&post=6801"},{"taxonomy":"post_tag","embeddable":true,"href":"https:\/\/formalprision.com\/index.php?rest_route=%2Fwp%2Fv2%2Ftags&post=6801"}],"curies":[{"name":"wp","href":"https:\/\/api.w.org\/{rel}","templated":true}]}}