{"id":6804,"date":"2012-06-22T19:07:00","date_gmt":"2012-06-22T19:07:00","guid":{"rendered":"http:\/\/formalprision.info\/2012\/06\/22\/a-punta-de-pistola-asaltan-congeladora\/"},"modified":"2015-06-03T08:51:42","modified_gmt":"2015-06-03T08:51:42","slug":"a-punta-de-pistola-asaltan-congeladora","status":"publish","type":"post","link":"https:\/\/formalprision.com\/?p=6804","title":{"rendered":"A punta de pistola asaltan congeladora para robar cargamento de pepino de mar"},"content":{"rendered":"<p><\/p>\n<div class=\"separator\" style=\"clear: both; text-align: center;\"><a href=\"http:\/\/2.bp.blogspot.com\/-yGH7JLg5JH0\/T-TCMZvkFBI\/AAAAAAAAHQk\/uHN3626ubTE\/s1600\/aaaapepinod_e_mar.jpg\" imageanchor=\"1\" style=\"margin-left: 1em; margin-right: 1em;\"><img loading=\"lazy\" decoding=\"async\" border=\"0\" height=\"240\" src=\"http:\/\/formalprision.com\/wp-content\/uploads\/2012\/06\/aaaapepinod_e_mar.jpg\" width=\"320\" \/><\/a><\/div>\n<div class=\"MsoNormal\">&nbsp;<b>A un a\u00f1o del robo &nbsp;de 15 toneladas de pepino de mar en la congeladora Zacar\u00edas de Yucalpet\u00e9n, un grupo de ladrones, de forma similar, rob\u00f3 la madrugada de ayer m\u00e1s de una tonelada de esa especie de la congeladora de la Sociedad Cooperativa de Producci\u00f3n Pesquera de Sisal, con sede en Progreso.<\/b><\/div>\n<div class=\"MsoNormal\"><b>El producto, que fue robado luego de amagar a punta de pistola al velador de la congeladora, fue sustra\u00eddo por un grupo de ladrones que se encarg\u00f3 de subir la carga a un cami\u00f3n.<\/b><\/div>\n<div class=\"MsoNormal\"><b>Lo robado asciende a un valor comercial de $1.5 millones de pesos debido a que ya estaba seco-salado y listo para su exportaci\u00f3n al mercado asi\u00e1tico, donde el pepino tiene elevado precio.<br \/> Sobre el robo, Jos\u00e9 Luis Carrillo Galaz, Prresidente de la Federaci\u00f3n Regional de Cooperativas del Centro y Poniente del Estado de Yucat\u00e1n, inform\u00f3 que ayer mismo se interpuso la denuncia correspondiente ante la 11a. Agencia del Ministerio P\u00fablico acompa\u00f1ado del velador de la planta, Jorge Peregrina S\u00e1nchez, quien relat\u00f3 lo sucedido a las 3 de la madrugada.<br \/>El pepino de mar, seg\u00fan se indic\u00f3, estaba debidamente facturado y se resguardaba en una bodega de la Cooperativa Sisal, donde, seg\u00fan el reporte de su velador, entraron unos sujetos que lo amenazaron con armas de fuego y se llevaron el producto.<br \/>Jorge Peregrina S\u00e1nchez de 65 a\u00f1os edad, con dos a\u00f1os en la empresa, dijo que cuando estaba en un cuarto de la planta, ubicada en la calle 33 No. 319-G, cruzamiento por 116 y 118 de la colonia Vicente Guerrero, dos sujetos entraron por la ventana.<br \/> \u201cMe tiraron al suelo boca abajo y me dijeron \u2018ya te llev\u00f3 la chin\u2026\u2019. Me pusieron un pa\u00f1o en la cabeza con el cual me cubrieron el rostro, pero en el piso uno de los sujetos me enca\u00f1onaba con un arma de fuego en el pecho.<br \/>\u201cNo sab\u00eda qu\u00e9 suced\u00eda. Pens\u00e9 que era un asalto. De los sujetos s\u00f3lo uno hablaba. Su voz era como la nuestra. Le dije que no hab\u00eda dinero en la planta, que no me hiciera da\u00f1o.<br \/>\u201cEscuch\u00e9 movimientos en el pasillo, ruido de un cami\u00f3n, por lo que calculo que eran unas cuatro personas, m\u00e1s los dos que me sometieron, los que estaban realizando el robo de la bodega del pepino de mar.<br \/>\u201cNo puedo negar que tuve mucho miedo. Sin embargo despu\u00e9s la persona me dijo \u2018no hagas nada, qu\u00e9date tirado en el piso, te sigo vigilando no te pases de v\u2026 porque te doy un balazo\u2019.<br \/>\u201cTengo 28 a\u00f1os de pescador pero a mis 65 a\u00f1os me he retirado. Ahora soy velador de esta planta desde hace 2 a\u00f1os.<br \/>En torno a los hechos, Carrillo Galaz a\u00f1adi\u00f3 que \u201cdefinitivamente, quien o quienes realizaron el robo del pepino de mar es gente que conoce de la planta, aunque ahora han entrado varias personas debido a que en este sitio se llevan a cabo trabajos de ampliaci\u00f3n, que pudieron percatarse de la bodega donde se almacenaba el codiciado producto\u201d (Con informaci\u00f3n de Progresohoy.com)<\/b><\/div>\n","protected":false},"excerpt":{"rendered":"<p>&nbsp;A un a\u00f1o del robo &nbsp;de 15 toneladas de pepino de mar en la congeladora Zacar\u00edas de Yucalpet\u00e9n, un grupo de ladrones, de forma similar, rob\u00f3 la madrugada de ayer<\/p>\n","protected":false},"author":1,"featured_media":23707,"comment_status":"open","ping_status":"open","sticky":false,"template":"","format":"standard","meta":{"jetpack_post_was_ever_published":false,"_jetpack_newsletter_access":"","_jetpack_dont_email_post_to_subs":false,"_jetpack_newsletter_tier_id":0,"_jetpack_memberships_contains_paywalled_content":false,"_jetpack_memberships_contains_paid_content":false,"footnotes":"","jetpack_publicize_message":"","jetpack_publicize_feature_enabled":true,"jetpack_social_post_already_shared":false,"jetpack_social_options":{"image_generator_settings":{"template":"highway","default_image_id":0,"font":"","enabled":false},"version":2}},"categories":[3,57,1],"tags":[],"class_list":["post-6804","post","type-post","status-publish","format-standard","has-post-thumbnail","hentry","category-portada","category-ratas","category-sin-categoria"],"jetpack_publicize_connections":[],"jetpack_featured_media_url":"https:\/\/formalprision.com\/wp-content\/uploads\/2012\/06\/aaaapepinod_e_mar.jpg","jetpack_sharing_enabled":true,"jetpack_shortlink":"https:\/\/wp.me\/p6id8p-1LK","_links":{"self":[{"href":"https:\/\/formalprision.com\/index.php?rest_route=\/wp\/v2\/posts\/6804","targetHints":{"allow":["GET"]}}],"collection":[{"href":"https:\/\/formalprision.com\/index.php?rest_route=\/wp\/v2\/posts"}],"about":[{"href":"https:\/\/formalprision.com\/index.php?rest_route=\/wp\/v2\/types\/post"}],"author":[{"embeddable":true,"href":"https:\/\/formalprision.com\/index.php?rest_route=\/wp\/v2\/users\/1"}],"replies":[{"embeddable":true,"href":"https:\/\/formalprision.com\/index.php?rest_route=%2Fwp%2Fv2%2Fcomments&post=6804"}],"version-history":[{"count":0,"href":"https:\/\/formalprision.com\/index.php?rest_route=\/wp\/v2\/posts\/6804\/revisions"}],"wp:featuredmedia":[{"embeddable":true,"href":"https:\/\/formalprision.com\/index.php?rest_route=\/wp\/v2\/media\/23707"}],"wp:attachment":[{"href":"https:\/\/formalprision.com\/index.php?rest_route=%2Fwp%2Fv2%2Fmedia&parent=6804"}],"wp:term":[{"taxonomy":"category","embeddable":true,"href":"https:\/\/formalprision.com\/index.php?rest_route=%2Fwp%2Fv2%2Fcategories&post=6804"},{"taxonomy":"post_tag","embeddable":true,"href":"https:\/\/formalprision.com\/index.php?rest_route=%2Fwp%2Fv2%2Ftags&post=6804"}],"curies":[{"name":"wp","href":"https:\/\/api.w.org\/{rel}","templated":true}]}}