{"id":6813,"date":"2012-06-20T19:26:00","date_gmt":"2012-06-20T19:26:00","guid":{"rendered":"http:\/\/formalprision.info\/2012\/06\/20\/se-roban-campana-y-limosnas-de-una\/"},"modified":"2015-06-03T08:51:43","modified_gmt":"2015-06-03T08:51:43","slug":"se-roban-campana-y-limosnas-de-una","status":"publish","type":"post","link":"https:\/\/formalprision.com\/?p=6813","title":{"rendered":"Se roban campana y limosnas de una iglesia e intentan llevarse el Cristo:"},"content":{"rendered":"<p><\/p>\n<div class=\"separator\" style=\"clear: both; text-align: center;\"><a href=\"http:\/\/4.bp.blogspot.com\/-vNy6okbtYMY\/T-Ij3iLPuEI\/AAAAAAAAHPc\/aXA9MPOlDRA\/s1600\/campana%2520recuperada%2520007.jpg\" imageanchor=\"1\" style=\"margin-left: 1em; margin-right: 1em;\"><img loading=\"lazy\" decoding=\"async\" border=\"0\" height=\"320\" src=\"http:\/\/formalprision.com\/wp-content\/uploads\/2012\/06\/campana-recuperada-007.jpg\" width=\"268\" \/><\/a><\/div>\n<div class=\"MsoNormal\" style=\"background: white; line-height: 20.75pt; margin-bottom: .0001pt; margin-bottom: 0cm; vertical-align: baseline;\">En un hecho que ha causado indignaci\u00f3n en la comunidad cat\u00f3lica progrese\u00f1a, \u00abamigos de lo ajeno\u00bb se robaron, por segunda ocasi\u00f3n, la campana de la capilla de San Antonio, ubicada en la calle 66, entre 25 y 27 de Progreso.<\/div>\n<div class=\"MsoNormal\" style=\"background: white; line-height: 20.75pt; margin-bottom: .0001pt; margin-bottom: 0cm; vertical-align: baseline;\">El robo se registr\u00f3 a s\u00f3lo unos metros del domicilio del alcalde progrese\u00f1o Joaqu\u00edn Cruz Mu\u00f1oz, quien seg\u00fan vecinos ni enterado estaba del atraco.<\/div>\n<div class=\"MsoNormal\" style=\"background: white; line-height: 20.75pt; margin-bottom: .0001pt; margin-bottom: 0cm; vertical-align: baseline;\">En el colmo de los colmos, las autoridades no tienen ni la m\u00e1s remota pista de los delincuentes que consumaron \u00e9ste sacrilegio.<\/div>\n<div class=\"MsoNormal\" style=\"background: white; line-height: 20.75pt; margin-bottom: .0001pt; margin-bottom: 0cm; vertical-align: baseline;\">Y por si fuera poco, los ladrones no s\u00f3lo se llevaron la campana de aleaci\u00f3n de bronce y cobre, de 47 kilos y con un precio comercial de $5,750 pesos, sino tambi\u00e9n se llevaron las limosnas y a punto estuvieron de llevarse el Cristo del altar, el cual ya hab\u00edan preparado para sustraerlo.<\/div>\n<div class=\"MsoNormal\" style=\"background: white; line-height: 20.75pt; margin-bottom: .0001pt; margin-bottom: 0cm; vertical-align: baseline;\">El a\u00f1o pasado, en noviembre, ladrones sustrajeron la vieja campana de la capilla.<\/div>\n<div class=\"MsoNormal\" style=\"background: white; line-height: 20.75pt; margin-bottom: .0001pt; margin-bottom: 0cm; vertical-align: baseline;\">Se compr\u00f3 otra y ahora siete meses despu\u00e9s, se la robaron de nuevo.<\/div>\n<div class=\"MsoNormal\" style=\"background: white; line-height: 20.75pt; margin-bottom: .0001pt; margin-bottom: 0cm; vertical-align: baseline;\">La capilla por cierto, fue construida en 1949.<\/div>\n<div class=\"MsoNormal\" style=\"background: white; line-height: 20.75pt; margin-bottom: .0001pt; margin-bottom: 0cm; vertical-align: baseline;\">Por el robo, la encargada de la capilla Ofelia Montero P\u00e9rez, as\u00ed como con la responsable del \u00e1rea, Neri Sosa M\u00e9ndez, interpusieron la denuncia 974\/ 11a.\/2012 en el Ministerio P\u00fablico.<\/div>\n<div class=\"MsoNormal\" style=\"background: white; line-height: 20.75pt; margin-bottom: .0001pt; margin-bottom: 0cm; vertical-align: baseline;\">Seg\u00fan se inform\u00f3, la capilla se abri\u00f3 apenas el pasado jueves en la Hora Santa, ya que normalmente las misas se efect\u00faan los mi\u00e9rcoles a las 20 horas.&nbsp;<\/div>\n<div class=\"MsoNormal\" style=\"background: white; line-height: 20.75pt; margin-bottom: .0001pt; margin-bottom: 0cm; vertical-align: baseline;\">Los ladrones, se subieron al campanario para llevarse por segunda vez la campana de 50 cent\u00edmetros de di\u00e1metro y 45 cent\u00edmetros de alto. <\/div>\n<div class=\"MsoNormal\" style=\"background: white; line-height: 20.75pt; margin-bottom: .0001pt; margin-bottom: 0cm; vertical-align: baseline;\">Las cajas de las limosnas las arrancaron porque estaban empotradas y se llevaron lo que hab\u00eda.&nbsp;<\/div>\n<div class=\"MsoNormal\" style=\"background: white; line-height: 20.75pt; margin-bottom: .0001pt; margin-bottom: 0cm; vertical-align: baseline;\">Ayer, luego de avisar a la polic\u00eda, Polic\u00edas Ministeriales se encargaron de revisar la capilla a cargo del Comandante Joaqu\u00edn Vera y el agente Humberto Pool Pat.<\/div>\n<div class=\"MsoNormal\" style=\"background-color: white; background-position: initial initial; background-repeat: initial initial; margin-bottom: 0.0001pt;\"><\/div>\n","protected":false},"excerpt":{"rendered":"<p>En un hecho que ha causado indignaci\u00f3n en la comunidad cat\u00f3lica progrese\u00f1a, \u00abamigos de lo ajeno\u00bb se robaron, por segunda ocasi\u00f3n, la campana de la capilla de San Antonio, ubicada<\/p>\n","protected":false},"author":1,"featured_media":23724,"comment_status":"open","ping_status":"open","sticky":false,"template":"","format":"standard","meta":{"jetpack_post_was_ever_published":false,"_jetpack_newsletter_access":"","_jetpack_dont_email_post_to_subs":false,"_jetpack_newsletter_tier_id":0,"_jetpack_memberships_contains_paywalled_content":false,"_jetpack_memberships_contains_paid_content":false,"footnotes":"","jetpack_publicize_message":"","jetpack_publicize_feature_enabled":true,"jetpack_social_post_already_shared":false,"jetpack_social_options":{"image_generator_settings":{"template":"highway","default_image_id":0,"font":"","enabled":false},"version":2}},"categories":[45,50,3,1],"tags":[],"class_list":["post-6813","post","type-post","status-publish","format-standard","has-post-thumbnail","hentry","category-delincuentes-vip","category-machines","category-portada","category-sin-categoria"],"jetpack_publicize_connections":[],"jetpack_featured_media_url":"https:\/\/formalprision.com\/wp-content\/uploads\/2012\/06\/campana-recuperada-007.jpg","jetpack_sharing_enabled":true,"jetpack_shortlink":"https:\/\/wp.me\/p6id8p-1LT","_links":{"self":[{"href":"https:\/\/formalprision.com\/index.php?rest_route=\/wp\/v2\/posts\/6813","targetHints":{"allow":["GET"]}}],"collection":[{"href":"https:\/\/formalprision.com\/index.php?rest_route=\/wp\/v2\/posts"}],"about":[{"href":"https:\/\/formalprision.com\/index.php?rest_route=\/wp\/v2\/types\/post"}],"author":[{"embeddable":true,"href":"https:\/\/formalprision.com\/index.php?rest_route=\/wp\/v2\/users\/1"}],"replies":[{"embeddable":true,"href":"https:\/\/formalprision.com\/index.php?rest_route=%2Fwp%2Fv2%2Fcomments&post=6813"}],"version-history":[{"count":0,"href":"https:\/\/formalprision.com\/index.php?rest_route=\/wp\/v2\/posts\/6813\/revisions"}],"wp:featuredmedia":[{"embeddable":true,"href":"https:\/\/formalprision.com\/index.php?rest_route=\/wp\/v2\/media\/23724"}],"wp:attachment":[{"href":"https:\/\/formalprision.com\/index.php?rest_route=%2Fwp%2Fv2%2Fmedia&parent=6813"}],"wp:term":[{"taxonomy":"category","embeddable":true,"href":"https:\/\/formalprision.com\/index.php?rest_route=%2Fwp%2Fv2%2Fcategories&post=6813"},{"taxonomy":"post_tag","embeddable":true,"href":"https:\/\/formalprision.com\/index.php?rest_route=%2Fwp%2Fv2%2Ftags&post=6813"}],"curies":[{"name":"wp","href":"https:\/\/api.w.org\/{rel}","templated":true}]}}