{"id":6820,"date":"2012-06-19T01:15:00","date_gmt":"2012-06-19T01:15:00","guid":{"rendered":"http:\/\/formalprision.info\/2012\/06\/19\/guarda-silencio-el-principal-acusado-de\/"},"modified":"2015-06-03T08:51:44","modified_gmt":"2015-06-03T08:51:44","slug":"guarda-silencio-el-principal-acusado-de","status":"publish","type":"post","link":"https:\/\/formalprision.com\/?p=6820","title":{"rendered":"Guarda silencio el principal acusado de asesinar y violar a una ni\u00f1a en Izamal"},"content":{"rendered":"<p><\/p>\n<div class=\"separator\" style=\"clear: both; text-align: center;\"><a href=\"http:\/\/2.bp.blogspot.com\/-CLsdKkRjzFY\/T9_N11PE-vI\/AAAAAAAAHNY\/r_53qqSWsOc\/s1600\/aaaguardafondos.jpg\" imageanchor=\"1\" style=\"margin-left: 1em; margin-right: 1em;\"><img loading=\"lazy\" decoding=\"async\" border=\"0\" height=\"239\" src=\"http:\/\/formalprision.com\/wp-content\/uploads\/2012\/06\/aaaguardafondos.jpg\" width=\"320\" \/><\/a><\/div>\n<p><b>A poco m\u00e1s de un mes de la violaci\u00f3n y asesinato de la ni\u00f1a Frida Vela Ruiz en Izamal, este d\u00eda rindieron declaraci\u00f3n preparatoria los dos sujetos acusados del crimen.<\/b><br \/>  <b>El principal acusado del crimen se neg\u00f3 a emitir comentario alguno &nbsp;y el otro neg\u00f3 los hechos, aunque hay pruebas cient\u00edficas y testimoniales que los incriminan.<\/b><br \/>  <b>Eduardo Daniel Dzib May y Manuel Jes\u00fas Aguirre Eu\u00e1n (a) Volante fueron presentados en la rejilla de pr\u00e1cticas del Juzgado 6o penal, en una diligencia de m\u00e1s de ocho &nbsp;horas.<\/b><br \/>  <b>Los dos estuvieron arraigados casi un mes, luego de que la Fiscal\u00eda los detuvo por su participaci\u00f3n en el crimen, d\u00edas despu\u00e9s de que \u00b4hab\u00eda sido tambi\u00e9n arraigado Oscar Vela Mu\u00f1oz, t\u00edo de la peque\u00f1a, pues en un principio se sospech\u00f3 de \u00e9l, aunque fue liberado posteriormente.<\/b><br \/>  <b>El primero en comparecer fue Dzib May, quien neg\u00f3 haber matado a la peque\u00f1a y dijo que el otro sujeto le dio un DVD y otros objetos que &nbsp;hab\u00eda robado en la casa de la menor.<\/b><br \/>  <b>Se\u00f1al\u00f3 que ambos estuvieron tomando la noche anterior al crimen junto con otros sujetos y en la madrugada &nbsp;Volante se fue del sitio donde tomaban para robar algunas cosas y poder seguir tomando.<\/b><br \/>  <b>Regres\u00f3 con un DVD y un celular y le dijo que los vendiera luego.<\/b><br \/><b style=\"background-color: white;\">Por su parte, Aguirre Eu\u00e1n (a) Volante, a quien tambi\u00e9n se conoce ahora como \u00abEl Monstruo de Izamal\u00bb no quiso decir nada, asesorado por sus abogados, aunque ofreci\u00f3 testigos a su favor para los pr\u00f3ximos d\u00edas.<\/b><br \/>  <b>Pese a que la fiscal del Juzgado Sexto le insisti\u00f3 en que respondiera las preguntas, no quiso hacerlo, por lo que la diligencia&nbsp; concluy\u00f3 sin su testimonio.<\/b><br \/>  <b>En el expediente consta que ambos fueron a la casa a robar, pero solo Volante entr\u00f3 y al despertar la peque\u00f1a, la tom\u00f3 y la llev\u00f3 a la parte trasera de la casa, donde abus\u00f3 de ella con los dedos y luego, la mat\u00f3 a pedradas.<\/b><br \/>  <b>Aunque Volante la mat\u00f3, el otro sujeto presenci\u00f3 todo y lo acompa\u00f1o siempre, por lo que tambi\u00e9n est\u00e1 acusado del crimen.<\/b><\/p>\n","protected":false},"excerpt":{"rendered":"<p>A poco m\u00e1s de un mes de la violaci\u00f3n y asesinato de la ni\u00f1a Frida Vela Ruiz en Izamal, este d\u00eda rindieron declaraci\u00f3n preparatoria los dos sujetos acusados del crimen.<\/p>\n","protected":false},"author":1,"featured_media":23738,"comment_status":"open","ping_status":"open","sticky":false,"template":"","format":"standard","meta":{"jetpack_post_was_ever_published":false,"_jetpack_newsletter_access":"","_jetpack_dont_email_post_to_subs":false,"_jetpack_newsletter_tier_id":0,"_jetpack_memberships_contains_paywalled_content":false,"_jetpack_memberships_contains_paid_content":false,"footnotes":"","jetpack_publicize_message":"","jetpack_publicize_feature_enabled":true,"jetpack_social_post_already_shared":false,"jetpack_social_options":{"image_generator_settings":{"template":"highway","default_image_id":0,"font":"","enabled":false},"version":2}},"categories":[59,3,1],"tags":[],"class_list":["post-6820","post","type-post","status-publish","format-standard","has-post-thumbnail","hentry","category-asesinos","category-portada","category-sin-categoria"],"jetpack_publicize_connections":[],"jetpack_featured_media_url":"https:\/\/formalprision.com\/wp-content\/uploads\/2012\/06\/aaaguardafondos.jpg","jetpack_sharing_enabled":true,"jetpack_shortlink":"https:\/\/wp.me\/p6id8p-1M0","_links":{"self":[{"href":"https:\/\/formalprision.com\/index.php?rest_route=\/wp\/v2\/posts\/6820","targetHints":{"allow":["GET"]}}],"collection":[{"href":"https:\/\/formalprision.com\/index.php?rest_route=\/wp\/v2\/posts"}],"about":[{"href":"https:\/\/formalprision.com\/index.php?rest_route=\/wp\/v2\/types\/post"}],"author":[{"embeddable":true,"href":"https:\/\/formalprision.com\/index.php?rest_route=\/wp\/v2\/users\/1"}],"replies":[{"embeddable":true,"href":"https:\/\/formalprision.com\/index.php?rest_route=%2Fwp%2Fv2%2Fcomments&post=6820"}],"version-history":[{"count":0,"href":"https:\/\/formalprision.com\/index.php?rest_route=\/wp\/v2\/posts\/6820\/revisions"}],"wp:featuredmedia":[{"embeddable":true,"href":"https:\/\/formalprision.com\/index.php?rest_route=\/wp\/v2\/media\/23738"}],"wp:attachment":[{"href":"https:\/\/formalprision.com\/index.php?rest_route=%2Fwp%2Fv2%2Fmedia&parent=6820"}],"wp:term":[{"taxonomy":"category","embeddable":true,"href":"https:\/\/formalprision.com\/index.php?rest_route=%2Fwp%2Fv2%2Fcategories&post=6820"},{"taxonomy":"post_tag","embeddable":true,"href":"https:\/\/formalprision.com\/index.php?rest_route=%2Fwp%2Fv2%2Ftags&post=6820"}],"curies":[{"name":"wp","href":"https:\/\/api.w.org\/{rel}","templated":true}]}}