{"id":6822,"date":"2012-06-18T19:32:00","date_gmt":"2012-06-18T19:32:00","guid":{"rendered":"http:\/\/formalprision.info\/2012\/06\/18\/vecina-de-san-pedro-cholul-localiza-su\/"},"modified":"2015-06-03T08:51:45","modified_gmt":"2015-06-03T08:51:45","slug":"vecina-de-san-pedro-cholul-localiza-su","status":"publish","type":"post","link":"https:\/\/formalprision.com\/?p=6822","title":{"rendered":"Vecina de San Pedro Cholul localiza a su pap\u00e1 extraviado gracias a Twitter"},"content":{"rendered":"<p><\/p>\n<div class=\"separator\" style=\"clear: both; text-align: center;\"><a href=\"http:\/\/2.bp.blogspot.com\/-NnlZ2g9lekg\/T9-CAYwaQKI\/AAAAAAAAHNM\/PVHeq1ShsBY\/s1600\/aaaperdidos.JPG\" imageanchor=\"1\" style=\"margin-left: 1em; margin-right: 1em;\"><img loading=\"lazy\" decoding=\"async\" border=\"0\" height=\"240\" src=\"http:\/\/formalprision.com\/wp-content\/uploads\/2012\/06\/aaaperdidos.jpg\" width=\"320\" \/><\/a><\/div>\n<div class=\"MsoNormal\" style=\"text-align: justify;\">Ayer domingo a las 3 de la madrugada los agentes de la unidad 329 de la Polic\u00eda Municipal de M\u00e9rida localizaron a un anciano eambulando sobre la calle 68 entre 67 y 69 del centro.<\/div>\n<div class=\"MsoNormal\" style=\"text-align: justify;\">Al ser cuestionado por los agentes \u00fanicamente dijo llamarse Jos\u00e9 Maria y tener su domicilio en la avenida 5 de Mayo, en el municipio de Villahermosa, Tabasco.<\/div>\n<div class=\"MsoNormal\" style=\"text-align: justify;\">Los agentes lo llevaron a las instalaciones de la Polic\u00eda Municipal de M\u00e9rida.<\/div>\n<div class=\"MsoNormal\" style=\"text-align: justify;\">Con el prop\u00f3sito de localizar a sus familiares, se subi\u00f3 su fotograf\u00eda al twiter de La PMM y lo mismo hizo nuestro portal wwwe.formalprision.com portal, adem\u00e1s de que &nbsp;tambi\u00e9n se procedi\u00f3 a contactar a diversos albergues, a fin de saber si se hab\u00eda escapado de alguno de ellos.<\/div>\n<div class=\"MsoNormal\" style=\"text-align: justify;\">El d\u00eda de hoy acudi\u00f3 a las instalaciones de la Polic\u00eda Municipal de M\u00e9rida la se\u00f1ora Mim\u00ed Castro Castro quien manifest\u00f3 que dicha persona es su padre, y que su nombre completo es Jos\u00e9 Mar\u00eda Castro Vega de 85 a\u00f1os de edad, y que se hab\u00eda extraviado por el rumbo de San Pedro Cholul.<\/div>\n<div class=\"MsoNormal\" style=\"text-align: justify;\">La entrega del se\u00f1or Castro Vega estuvo a cargo del licenciado Vicente de Paul Basto Santo, coordinador del departamento jur\u00eddico de la Polic\u00eda Municipal de M\u00e9rida. <\/div>\n<div class=\"MsoNormal\" style=\"text-align: justify;\">La se\u00f1ora Castro Castro manifest\u00f3 su agradecimiento a la Polic\u00eda Municipal M\u00e9rida por haber encontrado y cuidado a su padre.<\/div>\n<div class=\"MsoNormal\" style=\"text-align: justify;\"><\/div>\n<div class=\"MsoNormal\"><\/div>\n","protected":false},"excerpt":{"rendered":"<p>Ayer domingo a las 3 de la madrugada los agentes de la unidad 329 de la Polic\u00eda Municipal de M\u00e9rida localizaron a un anciano eambulando sobre la calle 68 entre<\/p>\n","protected":false},"author":1,"featured_media":23742,"comment_status":"open","ping_status":"open","sticky":false,"template":"","format":"standard","meta":{"jetpack_post_was_ever_published":false,"_jetpack_newsletter_access":"","_jetpack_dont_email_post_to_subs":false,"_jetpack_newsletter_tier_id":0,"_jetpack_memberships_contains_paywalled_content":false,"_jetpack_memberships_contains_paid_content":false,"footnotes":"","jetpack_publicize_message":"","jetpack_publicize_feature_enabled":true,"jetpack_social_post_already_shared":false,"jetpack_social_options":{"image_generator_settings":{"template":"highway","default_image_id":0,"font":"","enabled":false},"version":2}},"categories":[3,1,49],"tags":[],"class_list":["post-6822","post","type-post","status-publish","format-standard","has-post-thumbnail","hentry","category-portada","category-sin-categoria","category-tocho-morocho"],"jetpack_publicize_connections":[],"jetpack_featured_media_url":"https:\/\/formalprision.com\/wp-content\/uploads\/2012\/06\/aaaperdidos.jpg","jetpack_sharing_enabled":true,"jetpack_shortlink":"https:\/\/wp.me\/p6id8p-1M2","_links":{"self":[{"href":"https:\/\/formalprision.com\/index.php?rest_route=\/wp\/v2\/posts\/6822","targetHints":{"allow":["GET"]}}],"collection":[{"href":"https:\/\/formalprision.com\/index.php?rest_route=\/wp\/v2\/posts"}],"about":[{"href":"https:\/\/formalprision.com\/index.php?rest_route=\/wp\/v2\/types\/post"}],"author":[{"embeddable":true,"href":"https:\/\/formalprision.com\/index.php?rest_route=\/wp\/v2\/users\/1"}],"replies":[{"embeddable":true,"href":"https:\/\/formalprision.com\/index.php?rest_route=%2Fwp%2Fv2%2Fcomments&post=6822"}],"version-history":[{"count":0,"href":"https:\/\/formalprision.com\/index.php?rest_route=\/wp\/v2\/posts\/6822\/revisions"}],"wp:featuredmedia":[{"embeddable":true,"href":"https:\/\/formalprision.com\/index.php?rest_route=\/wp\/v2\/media\/23742"}],"wp:attachment":[{"href":"https:\/\/formalprision.com\/index.php?rest_route=%2Fwp%2Fv2%2Fmedia&parent=6822"}],"wp:term":[{"taxonomy":"category","embeddable":true,"href":"https:\/\/formalprision.com\/index.php?rest_route=%2Fwp%2Fv2%2Fcategories&post=6822"},{"taxonomy":"post_tag","embeddable":true,"href":"https:\/\/formalprision.com\/index.php?rest_route=%2Fwp%2Fv2%2Ftags&post=6822"}],"curies":[{"name":"wp","href":"https:\/\/api.w.org\/{rel}","templated":true}]}}