{"id":6827,"date":"2012-06-15T23:30:00","date_gmt":"2012-06-15T23:30:00","guid":{"rendered":"http:\/\/formalprision.info\/2012\/06\/15\/se-embriaga-y-con-su-machete-amenaza-su\/"},"modified":"2015-06-03T08:51:45","modified_gmt":"2015-06-03T08:51:45","slug":"se-embriaga-y-con-su-machete-amenaza-su","status":"publish","type":"post","link":"https:\/\/formalprision.com\/?p=6827","title":{"rendered":"Se embriaga y con su machete amenaza a su madre"},"content":{"rendered":"<p><\/p>\n<div class=\"separator\" style=\"clear: both; text-align: center;\"><a href=\"http:\/\/2.bp.blogspot.com\/-aQJyoCA3CYg\/T9t558uWlTI\/AAAAAAAAHLs\/PyGfB3FrhwY\/s1600\/aaamolestando.JPG\" imageanchor=\"1\" style=\"margin-left: 1em; margin-right: 1em;\"><img loading=\"lazy\" decoding=\"async\" border=\"0\" height=\"240\" src=\"http:\/\/formalprision.com\/wp-content\/uploads\/2012\/06\/aaamolestando.jpg\" width=\"320\" \/><\/a><\/div>\n<div class=\"ecxmsonormal\" style=\"background: white;\">Bajo los efectos del alcohol y armado con un machete, Daniel Hern\u00e1ndez Salazar se puso a amenazar a medio mundo.<\/div>\n<div class=\"ecxmsonormal\" style=\"background: white;\">No respet\u00f3 ni a su madre, pues tambi\u00e9n se fue contra ella.<\/div>\n<div class=\"ecxmsonormal\" style=\"background: white;\">Sin embargo fue detenido en el lugar de los hechos, en &nbsp;la calle 37 x 102 y 104 de la col. Feliciano Canul Reyes, de Progreso.<\/div>\n<div class=\"ecxmsonormal\" style=\"background: white;\">Su madre ARACELY SALAZAR SANTIAGO, pidi\u00f3 la intervenci\u00f3n de la polic\u00eda, pues ya la hab\u00eda agredido y la amenazaba con el machete.<\/div>\n<div class=\"ecxmsonormal\" style=\"background: white;\">El sujeto estaba ebrio e impertinente, pero fue sometido por los agentes Ernesto Ramos Ku, &nbsp;Manuel Ortiz Paredes; Juan Pech Carrillo y Rafael Enciso P\u00e9rez.<\/div>\n<div class=\"ecxmsonormal\" style=\"background: white;\"><\/div>\n","protected":false},"excerpt":{"rendered":"<p>Bajo los efectos del alcohol y armado con un machete, Daniel Hern\u00e1ndez Salazar se puso a amenazar a medio mundo. No respet\u00f3 ni a su madre, pues tambi\u00e9n se fue<\/p>\n","protected":false},"author":1,"featured_media":23752,"comment_status":"open","ping_status":"open","sticky":false,"template":"","format":"standard","meta":{"jetpack_post_was_ever_published":false,"_jetpack_newsletter_access":"","_jetpack_dont_email_post_to_subs":false,"_jetpack_newsletter_tier_id":0,"_jetpack_memberships_contains_paywalled_content":false,"_jetpack_memberships_contains_paid_content":false,"footnotes":"","jetpack_publicize_message":"","jetpack_publicize_feature_enabled":true,"jetpack_social_post_already_shared":false,"jetpack_social_options":{"image_generator_settings":{"template":"highway","default_image_id":0,"font":"","enabled":false},"version":2}},"categories":[50,3,1],"tags":[],"class_list":["post-6827","post","type-post","status-publish","format-standard","has-post-thumbnail","hentry","category-machines","category-portada","category-sin-categoria"],"jetpack_publicize_connections":[],"jetpack_featured_media_url":"https:\/\/formalprision.com\/wp-content\/uploads\/2012\/06\/aaamolestando.jpg","jetpack_sharing_enabled":true,"jetpack_shortlink":"https:\/\/wp.me\/p6id8p-1M7","_links":{"self":[{"href":"https:\/\/formalprision.com\/index.php?rest_route=\/wp\/v2\/posts\/6827","targetHints":{"allow":["GET"]}}],"collection":[{"href":"https:\/\/formalprision.com\/index.php?rest_route=\/wp\/v2\/posts"}],"about":[{"href":"https:\/\/formalprision.com\/index.php?rest_route=\/wp\/v2\/types\/post"}],"author":[{"embeddable":true,"href":"https:\/\/formalprision.com\/index.php?rest_route=\/wp\/v2\/users\/1"}],"replies":[{"embeddable":true,"href":"https:\/\/formalprision.com\/index.php?rest_route=%2Fwp%2Fv2%2Fcomments&post=6827"}],"version-history":[{"count":0,"href":"https:\/\/formalprision.com\/index.php?rest_route=\/wp\/v2\/posts\/6827\/revisions"}],"wp:featuredmedia":[{"embeddable":true,"href":"https:\/\/formalprision.com\/index.php?rest_route=\/wp\/v2\/media\/23752"}],"wp:attachment":[{"href":"https:\/\/formalprision.com\/index.php?rest_route=%2Fwp%2Fv2%2Fmedia&parent=6827"}],"wp:term":[{"taxonomy":"category","embeddable":true,"href":"https:\/\/formalprision.com\/index.php?rest_route=%2Fwp%2Fv2%2Fcategories&post=6827"},{"taxonomy":"post_tag","embeddable":true,"href":"https:\/\/formalprision.com\/index.php?rest_route=%2Fwp%2Fv2%2Ftags&post=6827"}],"curies":[{"name":"wp","href":"https:\/\/api.w.org\/{rel}","templated":true}]}}