{"id":6833,"date":"2012-06-14T21:18:00","date_gmt":"2012-06-14T21:18:00","guid":{"rendered":"http:\/\/formalprision.info\/2012\/06\/14\/primos-asaltan-un-automovilista-para\/"},"modified":"2015-06-03T08:51:46","modified_gmt":"2015-06-03T08:51:46","slug":"primos-asaltan-un-automovilista-para","status":"publish","type":"post","link":"https:\/\/formalprision.com\/?p=6833","title":{"rendered":"Primos asaltan a un automovilista para seguir la fiesta"},"content":{"rendered":"<p><\/p>\n<div class=\"separator\" style=\"clear: both; text-align: center;\"><a href=\"http:\/\/2.bp.blogspot.com\/-h1FwvD2xlqc\/T9pUl2xTTEI\/AAAAAAAAHK8\/dAOySzWtpgo\/s1600\/aaprimos+dos.jpg\" imageanchor=\"1\" style=\"margin-left: 1em; margin-right: 1em;\"><img loading=\"lazy\" decoding=\"async\" border=\"0\" height=\"320\" src=\"http:\/\/formalprision.com\/wp-content\/uploads\/2012\/06\/aaprimos-dos.jpg\" width=\"213\" \/><\/a><\/div>\n<div style=\"text-align: justify;\">Los primos Jos\u00e9 Francisco Chan Baas (a) \u201cPapo\u201d y &nbsp;(a) \u201cPicach\u00fa\u201d fueron  detenidos&nbsp;&nbsp;por asaltar a un automovilista para tener dinero para seguir  tomando.<\/div>\n<div style=\"text-align: justify;\">Ambos fueron consignados al Juzgado Sexto  Penal,&nbsp;&nbsp;acusados de robo calificado cometido con violencia, denunciado  por&nbsp;&nbsp;Jhonny Daniel Balam Mex.<\/div>\n<div style=\"text-align: justify;\">El denunciante Balam Mex dijo que iba a bordo de  su estaquitas sobre la calle 18 entre 13 y 15 de Kanas\u00edn.<\/div>\n<div style=\"text-align: justify;\">En ese lugar fue interceptado por un grupo de  sujetos que lo obligaron a detenerse.<\/div>\n<div style=\"text-align: justify;\">Dos de los sujetos se le acercaron por ambos  lados de las ventanillas y le arrebataron un par de cadenas de oro.<\/div>\n<div style=\"text-align: justify;\">Luego, lo golpearon y huyeron, pero los primos  fueron detenidos cuadras adelante.<\/div>\n<div style=\"text-align: justify;\">En su declaraci\u00f3n preparatoria,&nbsp;&nbsp;\u201cPapo\u201d admiti\u00f3  parte de los hechos, pues dijo que estaba en el grupo, pero asegur\u00f3 que \u00e9l no le  rob\u00f3 nada al automovilista.<\/div>\n<div style=\"text-align: justify;\">Dijo tambi\u00e9n que los dem\u00e1s sujetos vendieron las  cadenas de oro y con el dinero todos siguieron embriag\u00e1ndose.<\/div>\n<div style=\"text-align: justify;\">\u201cPicach\u00fa\u201d, por su parte, dijo que estaban sin  dinero y por eso cometieron el asalto, para seguir la fiesta (Acom).<\/div>\n","protected":false},"excerpt":{"rendered":"<p>Los primos Jos\u00e9 Francisco Chan Baas (a) \u201cPapo\u201d y &nbsp;(a) \u201cPicach\u00fa\u201d fueron detenidos&nbsp;&nbsp;por asaltar a un automovilista para tener dinero para seguir tomando. Ambos fueron consignados al Juzgado Sexto Penal,&nbsp;&nbsp;acusados<\/p>\n","protected":false},"author":1,"featured_media":23764,"comment_status":"open","ping_status":"open","sticky":false,"template":"","format":"standard","meta":{"jetpack_post_was_ever_published":false,"_jetpack_newsletter_access":"","_jetpack_dont_email_post_to_subs":false,"_jetpack_newsletter_tier_id":0,"_jetpack_memberships_contains_paywalled_content":false,"_jetpack_memberships_contains_paid_content":false,"footnotes":"","jetpack_publicize_message":"","jetpack_publicize_feature_enabled":true,"jetpack_social_post_already_shared":false,"jetpack_social_options":{"image_generator_settings":{"template":"highway","default_image_id":0,"font":"","enabled":false},"version":2}},"categories":[50,3,1],"tags":[],"class_list":["post-6833","post","type-post","status-publish","format-standard","has-post-thumbnail","hentry","category-machines","category-portada","category-sin-categoria"],"jetpack_publicize_connections":[],"jetpack_featured_media_url":"https:\/\/formalprision.com\/wp-content\/uploads\/2012\/06\/aaprimos-dos.jpg","jetpack_sharing_enabled":true,"jetpack_shortlink":"https:\/\/wp.me\/p6id8p-1Md","_links":{"self":[{"href":"https:\/\/formalprision.com\/index.php?rest_route=\/wp\/v2\/posts\/6833","targetHints":{"allow":["GET"]}}],"collection":[{"href":"https:\/\/formalprision.com\/index.php?rest_route=\/wp\/v2\/posts"}],"about":[{"href":"https:\/\/formalprision.com\/index.php?rest_route=\/wp\/v2\/types\/post"}],"author":[{"embeddable":true,"href":"https:\/\/formalprision.com\/index.php?rest_route=\/wp\/v2\/users\/1"}],"replies":[{"embeddable":true,"href":"https:\/\/formalprision.com\/index.php?rest_route=%2Fwp%2Fv2%2Fcomments&post=6833"}],"version-history":[{"count":0,"href":"https:\/\/formalprision.com\/index.php?rest_route=\/wp\/v2\/posts\/6833\/revisions"}],"wp:featuredmedia":[{"embeddable":true,"href":"https:\/\/formalprision.com\/index.php?rest_route=\/wp\/v2\/media\/23764"}],"wp:attachment":[{"href":"https:\/\/formalprision.com\/index.php?rest_route=%2Fwp%2Fv2%2Fmedia&parent=6833"}],"wp:term":[{"taxonomy":"category","embeddable":true,"href":"https:\/\/formalprision.com\/index.php?rest_route=%2Fwp%2Fv2%2Fcategories&post=6833"},{"taxonomy":"post_tag","embeddable":true,"href":"https:\/\/formalprision.com\/index.php?rest_route=%2Fwp%2Fv2%2Ftags&post=6833"}],"curies":[{"name":"wp","href":"https:\/\/api.w.org\/{rel}","templated":true}]}}