{"id":6836,"date":"2012-06-14T00:30:00","date_gmt":"2012-06-14T00:30:00","guid":{"rendered":"http:\/\/formalprision.info\/2012\/06\/14\/arraigado-el-trailero-que-mato-su-mujer\/"},"modified":"2015-06-03T08:51:47","modified_gmt":"2015-06-03T08:51:47","slug":"arraigado-el-trailero-que-mato-su-mujer","status":"publish","type":"post","link":"https:\/\/formalprision.com\/?p=6836","title":{"rendered":"Arraigado el trailero que mat\u00f3 a su mujer por celos"},"content":{"rendered":"<p><\/p>\n<div class=\"separator\" style=\"clear: both; text-align: center;\"><a href=\"http:\/\/1.bp.blogspot.com\/-UVeoFn1fRVo\/T9kpmdZ3VEI\/AAAAAAAAHKc\/svQpAm994Q4\/s1600\/aaarastres.jpg\" imageanchor=\"1\" style=\"margin-left: 1em; margin-right: 1em;\"><img loading=\"lazy\" decoding=\"async\" border=\"0\" height=\"239\" src=\"http:\/\/formalprision.com\/wp-content\/uploads\/2012\/06\/aaarastres.jpg\" width=\"320\" \/><\/a><\/div>\n<div class=\"MsoNormal\" style=\"background-color: white; background-position: initial initial; background-repeat: initial initial; margin-bottom: 0.0001pt;\">El trailero Miguel Medina Santos fue arraigado este d\u00eda por el Juzgado Cuarto Penal luego de que &nbsp;asesinara a su esposa en Progreso por un arranque de celos.<\/div>\n<div class=\"MsoNormal\" style=\"background-color: white; background-position: initial initial; background-repeat: initial initial; margin-bottom: 0.0001pt;\">Aunque no le qued\u00f3 otra que aceptar la medida, el trailero manifest\u00f3 que no era necesario el arraigo, pues \u00e9l se hab\u00eda entregado por su propia voluntad a la SSP luego el crimen.<\/div>\n<div class=\"MsoNormal\" style=\"background-color: white; background-position: initial initial; background-repeat: initial initial; margin-bottom: 0.0001pt;\">Por la ma\u00f1ana, el detenido fue llevado al Juzgado y ante la juez Ver\u00f3nica de Jes\u00fas Burgos P\u00e9rez escuch\u00f3 la petici\u00f3n de arraigo que hizo la Fiscal\u00eda por el crimen de su pareja, Mar\u00eda del Carmen Centeno Manzano.<\/div>\n<div class=\"MsoNormal\" style=\"background-color: white; background-position: initial initial; background-repeat: initial initial; margin-bottom: 0.0001pt;\">El acusado es &nbsp;chofer de la Fletera Atlante, de 50 a\u00f1os de edad y oriundo de Izamal.<\/div>\n<div class=\"MsoNormal\" style=\"background-color: white; background-position: initial initial; background-repeat: initial initial; margin-bottom: 0.0001pt;\">En su breve intervenci\u00f3n, dijo que el arraigo no es necesario, pues nunca tuvo intenciones de huir.<\/div>\n<div class=\"MsoNormal\" style=\"background-color: white; background-position: initial initial; background-repeat: initial initial; margin-bottom: 0.0001pt;\">A Medina Santos se le acusa de homicidio en relaci\u00f3n de parentesco y lesiones, pues tambi\u00e9n hiri\u00f3 a su hija Scarleth Medina Centeno, cuando \u00e9sta quiso ayudar a su madre.<\/div>\n<div class=\"MsoNormal\" style=\"background-color: white; background-position: initial initial; background-repeat: initial initial; margin-bottom: 0.0001pt;\">En el expediente consta que el ataque fue presenciado tambi\u00e9n por Manuel Medina Centeno, hijo de la mujer, pero que el presunto homicida reconoci\u00f3 como suyo.<\/div>\n<div class=\"MsoNormal\" style=\"background-color: white; background-position: initial initial; background-repeat: initial initial; margin-bottom: 0.0001pt;\">El crimen, como informamos, ocurri\u00f3 el lunes en la calle 48 entre 29 y 31 de la colonia Ismael Garc\u00eda, de Progreso.<\/div>\n<div class=\"MsoNormal\" style=\"background-color: white; background-position: initial initial; background-repeat: initial initial; margin-bottom: 0.0001pt;\">La mujer, mesera de un bar de Progreso, &nbsp;fue apu\u00f1alada porque el hombre ya no quer\u00eda que trabajara en ese lugar, pues le daban celos.<\/div>\n<div class=\"MsoNormal\" style=\"background-color: white; background-position: initial initial; background-repeat: initial initial; margin-bottom: 0.0001pt;\">Ella muri\u00f3 poco despu\u00e9s de llegar al hospital. (Acom)<\/div>\n<div class=\"MsoNormal\" style=\"background-color: white; background-position: initial initial; background-repeat: initial initial; margin-bottom: 0.0001pt;\">&nbsp;&nbsp;<\/div>\n","protected":false},"excerpt":{"rendered":"<p>El trailero Miguel Medina Santos fue arraigado este d\u00eda por el Juzgado Cuarto Penal luego de que &nbsp;asesinara a su esposa en Progreso por un arranque de celos. Aunque no<\/p>\n","protected":false},"author":1,"featured_media":23770,"comment_status":"open","ping_status":"open","sticky":false,"template":"","format":"standard","meta":{"jetpack_post_was_ever_published":false,"_jetpack_newsletter_access":"","_jetpack_dont_email_post_to_subs":false,"_jetpack_newsletter_tier_id":0,"_jetpack_memberships_contains_paywalled_content":false,"_jetpack_memberships_contains_paid_content":false,"footnotes":"","jetpack_publicize_message":"","jetpack_publicize_feature_enabled":true,"jetpack_social_post_already_shared":false,"jetpack_social_options":{"image_generator_settings":{"template":"highway","default_image_id":0,"font":"","enabled":false},"version":2}},"categories":[59,3,1],"tags":[],"class_list":["post-6836","post","type-post","status-publish","format-standard","has-post-thumbnail","hentry","category-asesinos","category-portada","category-sin-categoria"],"jetpack_publicize_connections":[],"jetpack_featured_media_url":"https:\/\/formalprision.com\/wp-content\/uploads\/2012\/06\/aaarastres.jpg","jetpack_sharing_enabled":true,"jetpack_shortlink":"https:\/\/wp.me\/p6id8p-1Mg","_links":{"self":[{"href":"https:\/\/formalprision.com\/index.php?rest_route=\/wp\/v2\/posts\/6836","targetHints":{"allow":["GET"]}}],"collection":[{"href":"https:\/\/formalprision.com\/index.php?rest_route=\/wp\/v2\/posts"}],"about":[{"href":"https:\/\/formalprision.com\/index.php?rest_route=\/wp\/v2\/types\/post"}],"author":[{"embeddable":true,"href":"https:\/\/formalprision.com\/index.php?rest_route=\/wp\/v2\/users\/1"}],"replies":[{"embeddable":true,"href":"https:\/\/formalprision.com\/index.php?rest_route=%2Fwp%2Fv2%2Fcomments&post=6836"}],"version-history":[{"count":0,"href":"https:\/\/formalprision.com\/index.php?rest_route=\/wp\/v2\/posts\/6836\/revisions"}],"wp:featuredmedia":[{"embeddable":true,"href":"https:\/\/formalprision.com\/index.php?rest_route=\/wp\/v2\/media\/23770"}],"wp:attachment":[{"href":"https:\/\/formalprision.com\/index.php?rest_route=%2Fwp%2Fv2%2Fmedia&parent=6836"}],"wp:term":[{"taxonomy":"category","embeddable":true,"href":"https:\/\/formalprision.com\/index.php?rest_route=%2Fwp%2Fv2%2Fcategories&post=6836"},{"taxonomy":"post_tag","embeddable":true,"href":"https:\/\/formalprision.com\/index.php?rest_route=%2Fwp%2Fv2%2Ftags&post=6836"}],"curies":[{"name":"wp","href":"https:\/\/api.w.org\/{rel}","templated":true}]}}