{"id":6848,"date":"2012-06-11T13:40:00","date_gmt":"2012-06-11T13:40:00","guid":{"rendered":"http:\/\/formalprision.info\/2012\/06\/11\/taxista-atropella-y-mata\/"},"modified":"2015-06-03T08:51:49","modified_gmt":"2015-06-03T08:51:49","slug":"taxista-atropella-y-mata","status":"publish","type":"post","link":"https:\/\/formalprision.com\/?p=6848","title":{"rendered":"Taxista atropella y mata accidentalmente a su propio hijo"},"content":{"rendered":"<p><\/p>\n<div class=\"separator\" style=\"clear: both; text-align: center;\"><a href=\"http:\/\/3.bp.blogspot.com\/-k7FWhePJ9o8\/T9V_S14QzCI\/AAAAAAAAHH8\/zFaBB_c0E1k\/s1600\/aaabebe.jpg\" imageanchor=\"1\" style=\"margin-left: 1em; margin-right: 1em;\"><img loading=\"lazy\" decoding=\"async\" border=\"0\" height=\"240\" src=\"http:\/\/formalprision.com\/wp-content\/uploads\/2012\/06\/aaabebe.jpg\" width=\"320\" \/><\/a><\/div>\n<div class=\"MsoNormal\" style=\"background-color: white; background-position: initial initial; background-repeat: initial initial; margin-bottom: 16.2pt; text-align: justify;\">Una verdadera tragedia se vivi\u00f3 ayer en el fraccionamiento Flamboyanes. de Progreso, cuando &nbsp;un taxista atropell\u00f3 y dio muerte accidentalmente a su peque\u00f1o hijo de un a\u00f1o y 8 meses.<\/div>\n<div class=\"MsoNormal\" style=\"background-color: white; background-position: initial initial; background-repeat: initial initial; margin-bottom: 16.2pt; text-align: justify;\">Desesperada, la madre del menor, levant\u00f3 el cuerpo y lo llevo al interior de su vivienda, pero no hab\u00eda nada que hacer, pues presentaba expulsi\u00f3n de masa encef\u00e1lica.<\/div>\n<div class=\"MsoNormal\" style=\"background-color: white; background-position: initial initial; background-repeat: initial initial; margin-bottom: 16.2pt; text-align: justify;\">Los hechos ocurrieron a las 12:15 horas, en la calle 55 x &nbsp;56 A del fraccionamiento flamboyanes, ubicado en la carretera M\u00e9rida-^Progreso.<\/div>\n<div class=\"MsoNormal\" style=\"background-color: white; background-position: initial initial; background-repeat: initial initial; margin-bottom: 16.2pt; text-align: justify;\">El ni\u00f1o Lander Alejandro Moreno Mart\u00ednez de 1 a\u00f1o 8 meses de edad, muri\u00f3 atropellado por la camioneta tipo taxi &nbsp;Urvan, placas 37-62-YSB, conducida por &nbsp;<b>LANDER IGINIO MORENO P\u00c9REZ<\/b>, de 23 a\u00f1os de edad y padre del menor.<\/div>\n<div class=\"MsoNormal\" style=\"background-color: white; background-position: initial initial; background-repeat: initial initial; margin-bottom: 16.2pt; text-align: justify;\">El manifest\u00f3 que se encontraba hablando a las puertas de su domicilio con su esposa <b>&nbsp;Loida Elo\u00edsa Mart\u00ednez Campo<\/b>, de 31 a\u00f1os de edad, y &nbsp;al poner en movimiento su veh\u00edculo no se percato del menor, por lo cual lo atropell\u00f3.<\/div>\n<div class=\"MsoNormal\" style=\"background-color: white; background-position: initial initial; background-repeat: initial initial; margin-bottom: 16.2pt; text-align: justify;\">La madre del ni\u00f1o lo tom\u00f3 en sus brazos y lo meti\u00f3 a la casa, pero ya hab\u00eda muerto.<\/div>\n<div class=\"MsoNormal\" style=\"background-color: white; background-position: initial initial; background-repeat: initial initial; margin-bottom: 16.2pt; text-align: justify;\">El padre del ni\u00f1o fue llevado ante el Ministerio P\u00fablico.<\/div>\n<div class=\"MsoNormal\" style=\"background-color: white; background-position: initial initial; background-repeat: initial initial; margin-bottom: 16.2pt; text-align: justify;\"><\/div>\n<div class=\"MsoNormal\"><br clear=\"all\" \/><\/div>\n","protected":false},"excerpt":{"rendered":"<p>Una verdadera tragedia se vivi\u00f3 ayer en el fraccionamiento Flamboyanes. de Progreso, cuando &nbsp;un taxista atropell\u00f3 y dio muerte accidentalmente a su peque\u00f1o hijo de un a\u00f1o y 8 meses.<\/p>\n","protected":false},"author":1,"featured_media":23794,"comment_status":"open","ping_status":"open","sticky":false,"template":"","format":"standard","meta":{"jetpack_post_was_ever_published":false,"_jetpack_newsletter_access":"","_jetpack_dont_email_post_to_subs":false,"_jetpack_newsletter_tier_id":0,"_jetpack_memberships_contains_paywalled_content":false,"_jetpack_memberships_contains_paid_content":false,"footnotes":"","jetpack_publicize_message":"","jetpack_publicize_feature_enabled":true,"jetpack_social_post_already_shared":false,"jetpack_social_options":{"image_generator_settings":{"template":"highway","default_image_id":0,"font":"","enabled":false},"version":2}},"categories":[44,3,1],"tags":[],"class_list":["post-6848","post","type-post","status-publish","format-standard","has-post-thumbnail","hentry","category-morgue","category-portada","category-sin-categoria"],"jetpack_publicize_connections":[],"jetpack_featured_media_url":"https:\/\/formalprision.com\/wp-content\/uploads\/2012\/06\/aaabebe.jpg","jetpack_sharing_enabled":true,"jetpack_shortlink":"https:\/\/wp.me\/p6id8p-1Ms","_links":{"self":[{"href":"https:\/\/formalprision.com\/index.php?rest_route=\/wp\/v2\/posts\/6848","targetHints":{"allow":["GET"]}}],"collection":[{"href":"https:\/\/formalprision.com\/index.php?rest_route=\/wp\/v2\/posts"}],"about":[{"href":"https:\/\/formalprision.com\/index.php?rest_route=\/wp\/v2\/types\/post"}],"author":[{"embeddable":true,"href":"https:\/\/formalprision.com\/index.php?rest_route=\/wp\/v2\/users\/1"}],"replies":[{"embeddable":true,"href":"https:\/\/formalprision.com\/index.php?rest_route=%2Fwp%2Fv2%2Fcomments&post=6848"}],"version-history":[{"count":0,"href":"https:\/\/formalprision.com\/index.php?rest_route=\/wp\/v2\/posts\/6848\/revisions"}],"wp:featuredmedia":[{"embeddable":true,"href":"https:\/\/formalprision.com\/index.php?rest_route=\/wp\/v2\/media\/23794"}],"wp:attachment":[{"href":"https:\/\/formalprision.com\/index.php?rest_route=%2Fwp%2Fv2%2Fmedia&parent=6848"}],"wp:term":[{"taxonomy":"category","embeddable":true,"href":"https:\/\/formalprision.com\/index.php?rest_route=%2Fwp%2Fv2%2Fcategories&post=6848"},{"taxonomy":"post_tag","embeddable":true,"href":"https:\/\/formalprision.com\/index.php?rest_route=%2Fwp%2Fv2%2Ftags&post=6848"}],"curies":[{"name":"wp","href":"https:\/\/api.w.org\/{rel}","templated":true}]}}