{"id":68533,"date":"2018-10-05T19:33:01","date_gmt":"2018-10-06T00:33:01","guid":{"rendered":"http:\/\/formalprision.com\/?p=68533"},"modified":"2018-10-05T19:33:01","modified_gmt":"2018-10-06T00:33:01","slug":"vila-da-inicio-a-construccion-de-calles-en-periferico-y-anuncia-nuevas-obras","status":"publish","type":"post","link":"https:\/\/formalprision.com\/?p=68533","title":{"rendered":"Vila da inicio a construcci\u00f3n de calles en Perif\u00e9rico y anuncia nuevas obras"},"content":{"rendered":"<p>M\u00e9rida, Yucat\u00e1n, 5 de octubre de 2018.- El gobernador Mauricio Vila Dosal inici\u00f3 esta ma\u00f1ana dando el banderazo de salida para la construcci\u00f3n de calles laterales del AnilloPerif\u00e9rico de M\u00e9rida, una demanda a\u00f1eja y ansiada por los habitantes de la zona y que responde a una promesa hecha en campa\u00f1a. En estas obras de infraestructura vial se invierten 23 millones de pesos y contribuir\u00e1n a desahogar el tr\u00e1fico de la zona y a dar mayor seguridad a quienes por ah\u00ed transitan.<\/p>\n<p>En el evento, el gobernador se refiri\u00f3 al Plan de austeridad que acaba de anunciar y con el cual se ahorrar\u00e1n 1,000 millones de pesos cada a\u00f1o y que ser\u00e1n destinados a las obras y servicios que mejoren la calidad de vida de los yucatecos. Explic\u00f3 que en su gobierno se quitar\u00e1n todos los lujos a funcionarios y eliminar\u00e1n gastos innecesarios para destinarlos a la gente que que m\u00e1s lo necesita.<\/p>\n<p>Acompa\u00f1ado por decenas de vecinos, el titular del Poder Ejecutivo Estatal dio el banderazo de inicio cerca del puente de salida a la comisar\u00eda meridana de Dzununc\u00e1n y comprende casi cinco kil\u00f3metros. Los trabajos estar\u00e1n concluidos a finales de este mismo a\u00f1o.<\/p>\n<p>Junto con funcionario estatales, legisladores locales y federales, Vila Dosal se\u00f1al\u00f3 que trabajos como \u00e9ste contribuyen a detonar el desarrollo y a incrementar la calidad de vida, lo que permite tener una vialidad m\u00e1s segura, pues los conductores tendr\u00e1n un recorrido m\u00e1s despejado y menos tr\u00e1fico vehicular.<\/p>\n<p>Con estas obras se hace hincapi\u00e9 en que este gobierno no va a ser un gobierno que s\u00f3lo se vea, sino un gobierno que se sienta. Su objetivo es que los yucatecos no perciban al gobierno como un enemigo, ni como un estorbo o algo ajeno a ellos, sino un verdadero aliado para detonar su potencial. Se caminar\u00e1 del lado de la gente.<\/p>\n<p>Al hablar de la importancia de esta obra y del impacto que tendr\u00e1 en la gente se record\u00f3 que el Anillo Perif\u00e9rico es la v\u00eda con mayor n\u00famero de accidentes y lamentablemente tambi\u00e9n, de fallecimientos, lo que hace urgente destinar recursos a estas obras y tambi\u00e9n a obras que eleven la calidad de vida de los yucatecos.<\/p>\n<p>Un ejemplo de ello son las casas que desde hace tanto tiempo est\u00e1n pendientes en la colonia Emiliano Zapata Sur, indic\u00f3 ante los presidentes del Consejo Coordinador Empresarial de Yucat\u00e1n (CCEY), Juan Manuel Ponce D\u00edaz y de la delegaci\u00f3n local de la C\u00e1mara Mexicana de la Industria de la Construcci\u00f3n (CMIC), Luis Castillo Campos.<\/p>\n<p>El Gobernador record\u00f3 que \u00e9ste fue un ofrecimiento, no solamente de campa\u00f1a sino de hace ya bastante tiempo, por lo ahora que se regularicen los terrenos en el Instituto de Vivienda (IVEY), se trabajar\u00e1 de la mano con el Ayuntamiento de M\u00e9rida para poder construir esas casas que tanta falta hacen. El anuncio fue recibido con entusiasmo y aplausos.<\/p>\n<p>\u201cEsa ser\u00e1 la t\u00f3nica del Gobierno estatal, hacer m\u00e1s con menos. Ahorrar el dinero de los yucatecos para ponerlo en las necesidades que m\u00e1s falta les hacen. Y como se\u00f1al\u00e9 claramente, mi prioridad ser\u00e1 gobernar para todos los habitantes de nuestra entidad. Este tipo de obras y muchos m\u00e1s servicios las estaremos realizando en los municipios del interior del estado\u201d, puntualiz\u00f3.<\/p>\n<p>En presencia de los alcaldes de Kanas\u00edn, William P\u00e9rezCabrera, y de Um\u00e1n, Fredy Ruz Guzm\u00e1n, el Gobernador adelant\u00f3 que iniciar\u00e1 una gira por el interior y en Ticul se reunir\u00e1 con alcaldes del sur del estado y, posteriormente, realizar\u00e1 una entrega de ba\u00f1os en Abal\u00e1.<\/p>\n<p>\u201cHombro con hombro, contando con la participaci\u00f3n y la experiencia de todos ustedes, vamos a seguir impulsado el desarrollo de nuestro estado y vamos a crear en todos los municipios espacios modernos, seguros y sustentables. Les invito a que juntos transformemos Yucat\u00e1n y construyamos uno de los mejores estados para vivir\u201d, finaliz\u00f3.<\/p>\n<p>En el evento, se explic\u00f3 que se construir\u00e1n 4.5 kil\u00f3metros de calles laterales que van a beneficiar de manera directa a casi 80 mil personas de las colonias cercanas y de los vecinos de Kanas\u00edn y de Um\u00e1n.<\/p>\n<p>Al dar la explicaci\u00f3n t\u00e9cnica, el titular de la Secretar\u00eda de Obras P\u00fablicas (SOP), Virgilio Crespo M\u00e9ndez, resalt\u00f3 que al mejorar las v\u00edas de comunicaci\u00f3n no s\u00f3lo se impulsa el crecimiento econ\u00f3mico del estado, sino que tambi\u00e9n se contribuye a que muchas familias puedan tener acceso a oportunidades de crecimiento social que mejoren su calidad de vida.<\/p>\n<p>Al evento tambi\u00e9n asistieron el senador Ra\u00fal Paz Alonzo; los diputados federales, Cecilia Patr\u00f3n Laviada y Juan Jos\u00e9 Canul P\u00e9rez; el presidente del Congreso estatal, Felipe Cervera Hern\u00e1ndez, y el presidente de la Mesa Directiva, Mart\u00edn Enrique Castillo Ruz. (Comunicado de Prensa)<\/p>\n","protected":false},"excerpt":{"rendered":"<p>M\u00e9rida, Yucat\u00e1n, 5 de octubre de 2018.- El gobernador Mauricio Vila Dosal inici\u00f3 esta ma\u00f1ana dando el banderazo de salida para la construcci\u00f3n de calles laterales del AnilloPerif\u00e9rico de M\u00e9rida,<\/p>\n","protected":false},"author":1,"featured_media":68534,"comment_status":"open","ping_status":"open","sticky":false,"template":"","format":"standard","meta":{"jetpack_post_was_ever_published":false,"_jetpack_newsletter_access":"","_jetpack_dont_email_post_to_subs":false,"_jetpack_newsletter_tier_id":0,"_jetpack_memberships_contains_paywalled_content":false,"_jetpack_memberships_contains_paid_content":false,"footnotes":"","jetpack_publicize_message":"","jetpack_publicize_feature_enabled":true,"jetpack_social_post_already_shared":true,"jetpack_social_options":{"image_generator_settings":{"template":"highway","default_image_id":0,"font":"","enabled":false},"version":2}},"categories":[17],"tags":[],"class_list":["post-68533","post","type-post","status-publish","format-standard","has-post-thumbnail","hentry","category-politica-y-gobierno"],"jetpack_publicize_connections":[],"jetpack_featured_media_url":"https:\/\/formalprision.com\/wp-content\/uploads\/2018\/10\/IMG_1924.jpg","jetpack_sharing_enabled":true,"jetpack_shortlink":"https:\/\/wp.me\/p6id8p-hPn","_links":{"self":[{"href":"https:\/\/formalprision.com\/index.php?rest_route=\/wp\/v2\/posts\/68533","targetHints":{"allow":["GET"]}}],"collection":[{"href":"https:\/\/formalprision.com\/index.php?rest_route=\/wp\/v2\/posts"}],"about":[{"href":"https:\/\/formalprision.com\/index.php?rest_route=\/wp\/v2\/types\/post"}],"author":[{"embeddable":true,"href":"https:\/\/formalprision.com\/index.php?rest_route=\/wp\/v2\/users\/1"}],"replies":[{"embeddable":true,"href":"https:\/\/formalprision.com\/index.php?rest_route=%2Fwp%2Fv2%2Fcomments&post=68533"}],"version-history":[{"count":0,"href":"https:\/\/formalprision.com\/index.php?rest_route=\/wp\/v2\/posts\/68533\/revisions"}],"wp:featuredmedia":[{"embeddable":true,"href":"https:\/\/formalprision.com\/index.php?rest_route=\/wp\/v2\/media\/68534"}],"wp:attachment":[{"href":"https:\/\/formalprision.com\/index.php?rest_route=%2Fwp%2Fv2%2Fmedia&parent=68533"}],"wp:term":[{"taxonomy":"category","embeddable":true,"href":"https:\/\/formalprision.com\/index.php?rest_route=%2Fwp%2Fv2%2Fcategories&post=68533"},{"taxonomy":"post_tag","embeddable":true,"href":"https:\/\/formalprision.com\/index.php?rest_route=%2Fwp%2Fv2%2Ftags&post=68533"}],"curies":[{"name":"wp","href":"https:\/\/api.w.org\/{rel}","templated":true}]}}