{"id":68585,"date":"2018-10-10T00:12:57","date_gmt":"2018-10-10T05:12:57","guid":{"rendered":"http:\/\/formalprision.com\/?p=68585"},"modified":"2018-10-10T00:12:57","modified_gmt":"2018-10-10T05:12:57","slug":"mauricio-vila-participa-en-la-inauguracion-de-ciudad-militar-en-cancun","status":"publish","type":"post","link":"https:\/\/formalprision.com\/?p=68585","title":{"rendered":"Mauricio Vila participa en la inauguraci\u00f3n de \u201cCiudad Militar\u201d en Canc\u00fan"},"content":{"rendered":"<p>M\u00e9rida, a 9 de Octubre de 2018 El gobernador de Yucat\u00e1n, Mauricio Vila Dosal, acudi\u00f3 a la inauguraci\u00f3n de la D\u00e9cima Brigada de Polic\u00eda Militar Isla Mujeres, ubicada en la zona continental de dicho municipio quintanarroense, donde tambi\u00e9n se localizar\u00e1 la Unidad Habitacional Militar \u201cIsla Mujeres II\u201d, obra con 360 hect\u00e1reas de superficie, la cual albergar\u00e1 a 3 mil 200 soldados y que se realiz\u00f3 con una inversi\u00f3n de 680 millones de pesos. <\/p>\n<p>Las nuevas instalaciones sumar\u00e1n cobertura log\u00edstica al personal militar de la X Zona Militar con sede en M\u00e9rida y que est\u00e1n al mando del General de Divisi\u00f3n D.E.M. Comandante, Francisco Aguilar Hern\u00e1ndez. <\/p>\n<p>Junto a su hom\u00f3logo de la vecina entidad, Carlos Joaqu\u00edn Gonz\u00e1lez, Vila Dosal tambi\u00e9n particip\u00f3 en el corte del list\u00f3n inaugural de la primera etapa del Campus Canc\u00fan de la Universidad de Quintana Roo, edificaci\u00f3n considerada como la m\u00e1s importante del sector educativo nacional, ya que beneficiar\u00e1 a mil 500 estudiantes de diversas vocaciones acad\u00e9micas. <\/p>\n<p>Acompa\u00f1ado del General Salvador Cienfuegos Zepeda, Secretario de la Defensa Nacional; el Almirante Vidal Francisco Sober\u00f3n Sanz, Secretario de Marina; el General de Divisi\u00f3n Diplomado de Estado Mayor, Roberto Miranda Moreno, Jefe del Estado Mayor Presidencial, el Gobernador de Yucat\u00e1n refrend\u00f3 su voluntad para trabajar de manera coordinada con el gobierno federal para brindar mejores condiciones de vida y tranquilidad a los habitantes de Yucat\u00e1n. <\/p>\n<p>Durante su mensaje, al resaltar el papel de las instalaciones de las fuerzas armadas en este destino tur\u00edstico, el Presidente Pe\u00f1a Nieto agradeci\u00f3 al Gobernador de Quintana Roo, Carlos Joaqu\u00edn Gonz\u00e1lez su participaci\u00f3n en el proyecto y dese\u00f3 al Gobernador Vila Dosal \u00e9xito al iniciar su administraci\u00f3n. <\/p>\n<p>-Para ambos gobiernos, les digo que hasta al final de mi mandato encontrar\u00e1n en el gobierno de la Rep\u00fablica a un aliado para impulsar proyectos y el desarrollo que se han propuesto ustedes para sus estados, y siempre con el afecto que nos merece su colaboraci\u00f3n institucional,-expres\u00f3. <\/p>\n<p>Posteriormente, el titular del Ejecutivo estatal acompa\u00f1\u00f3 al primer mandatario a la inauguraci\u00f3n de la D\u00e9cima Brigada de Polic\u00eda Militar y su Unidad Habitacional, acto en el que tambi\u00e9n participaron Renato Sales Heredia, Comisionado Nacional de Seguridad y Alberto Bazbaz Sacal, Director General del Centro de Investigaci\u00f3n y Seguridad Nacional (CISEN); y el General de Divisi\u00f3n D.E.M. Francisco Aguilar Hern\u00e1ndez, Comandante de la X Regi\u00f3n Militar en M\u00e9rida. <\/p>\n<p>La ciudad se construy\u00f3 en una superficie de 360 hect\u00e1reas, en un predio ubicado en los l\u00edmites de los municipios de Isla Mujeres y Canc\u00fan. Los terrenos fueron donados por el Gobierno del Estado a la Secretar\u00eda de la Defensa Nacional (Sedena). La unidad cuenta con 20 edificios y un cuartel para los elementos de la D\u00e9cima Brigada de la Polic\u00eda Militar, que apoyar\u00e1n al municipio Benito Ju\u00e1rez en materia de seguridad.<\/p>\n","protected":false},"excerpt":{"rendered":"<p>M\u00e9rida, a 9 de Octubre de 2018 El gobernador de Yucat\u00e1n, Mauricio Vila Dosal, acudi\u00f3 a la inauguraci\u00f3n de la D\u00e9cima Brigada de Polic\u00eda Militar Isla Mujeres, ubicada en la<\/p>\n","protected":false},"author":1,"featured_media":68587,"comment_status":"open","ping_status":"open","sticky":false,"template":"","format":"standard","meta":{"jetpack_post_was_ever_published":false,"_jetpack_newsletter_access":"","_jetpack_dont_email_post_to_subs":false,"_jetpack_newsletter_tier_id":0,"_jetpack_memberships_contains_paywalled_content":false,"_jetpack_memberships_contains_paid_content":false,"footnotes":"","jetpack_publicize_message":"","jetpack_publicize_feature_enabled":true,"jetpack_social_post_already_shared":true,"jetpack_social_options":{"image_generator_settings":{"template":"highway","default_image_id":0,"font":"","enabled":false},"version":2}},"categories":[17],"tags":[],"class_list":["post-68585","post","type-post","status-publish","format-standard","has-post-thumbnail","hentry","category-politica-y-gobierno"],"jetpack_publicize_connections":[],"jetpack_featured_media_url":"https:\/\/formalprision.com\/wp-content\/uploads\/2018\/10\/IMG_1956.jpg","jetpack_sharing_enabled":true,"jetpack_shortlink":"https:\/\/wp.me\/p6id8p-hQd","_links":{"self":[{"href":"https:\/\/formalprision.com\/index.php?rest_route=\/wp\/v2\/posts\/68585","targetHints":{"allow":["GET"]}}],"collection":[{"href":"https:\/\/formalprision.com\/index.php?rest_route=\/wp\/v2\/posts"}],"about":[{"href":"https:\/\/formalprision.com\/index.php?rest_route=\/wp\/v2\/types\/post"}],"author":[{"embeddable":true,"href":"https:\/\/formalprision.com\/index.php?rest_route=\/wp\/v2\/users\/1"}],"replies":[{"embeddable":true,"href":"https:\/\/formalprision.com\/index.php?rest_route=%2Fwp%2Fv2%2Fcomments&post=68585"}],"version-history":[{"count":0,"href":"https:\/\/formalprision.com\/index.php?rest_route=\/wp\/v2\/posts\/68585\/revisions"}],"wp:featuredmedia":[{"embeddable":true,"href":"https:\/\/formalprision.com\/index.php?rest_route=\/wp\/v2\/media\/68587"}],"wp:attachment":[{"href":"https:\/\/formalprision.com\/index.php?rest_route=%2Fwp%2Fv2%2Fmedia&parent=68585"}],"wp:term":[{"taxonomy":"category","embeddable":true,"href":"https:\/\/formalprision.com\/index.php?rest_route=%2Fwp%2Fv2%2Fcategories&post=68585"},{"taxonomy":"post_tag","embeddable":true,"href":"https:\/\/formalprision.com\/index.php?rest_route=%2Fwp%2Fv2%2Ftags&post=68585"}],"curies":[{"name":"wp","href":"https:\/\/api.w.org\/{rel}","templated":true}]}}