{"id":6861,"date":"2012-06-07T20:10:00","date_gmt":"2012-06-07T20:10:00","guid":{"rendered":"http:\/\/formalprision.info\/2012\/06\/07\/al-penal-por-chocar-y-no-pagar-los-danos\/"},"modified":"2015-06-03T08:51:53","modified_gmt":"2015-06-03T08:51:53","slug":"al-penal-por-chocar-y-no-pagar-los-danos","status":"publish","type":"post","link":"https:\/\/formalprision.com\/?p=6861","title":{"rendered":"Al penal por chocar y no pagar los da\u00f1os"},"content":{"rendered":"<p><\/p>\n<div class=\"separator\" style=\"clear: both; text-align: center;\"><a href=\"http:\/\/2.bp.blogspot.com\/-YGhOJheqYys\/T9EKhLcB7AI\/AAAAAAAAHFI\/spZUB-3crpY\/s1600\/aaaapapigseste101-12_Ri...JPG\" imageanchor=\"1\" style=\"margin-left: 1em; margin-right: 1em;\"><img loading=\"lazy\" decoding=\"async\" border=\"0\" height=\"320\" src=\"http:\/\/formalprision.com\/wp-content\/uploads\/2012\/06\/aaaapapigseste101-12_Ri...jpg\" width=\"213\" \/><\/a><\/div>\n<div class=\"ecxmsonormal\" style=\"background: white; line-height: 115%; text-align: justify;\">Elementos de la Polic\u00eda Ministerial detuvieron a <b>Ricardo Amir Gonz\u00e1lez L\u00f3pez<\/b>, por causar un accidente de tr\u00e1nsito y no pagar los da\u00f1os.<\/div>\n<div class=\"ecxmsonormal\" style=\"background: white; line-height: 115%; text-align: justify;\">Seg\u00fan el expediente, Silvia Mar\u00eda Larranche Carballo dijo que el 18 de mayo conduc\u00eda su veh\u00edculo Jetta placas YZF-12-16 sobre la Avenida Jacinto Canek y al frenar, fue impactada por una camioneta que era conducida por Gonz\u00e1lez L\u00f3pez.<\/div>\n<div class=\"ecxmsonormal\" style=\"background: white; line-height: 115%; text-align: justify;\">Debido al golpe recibido, la mujer refiere que qued\u00f3 aturdida, al igual que su hija menor de edad que viajaba como pasajera, por lo que no respondi\u00f3 a las agresiones verbales que el conductor de dicha camioneta realiz\u00f3 en su contra, aunque al mismo tiempo y a sabiendas de que \u00e9l hab\u00eda ocasionado dicha colisi\u00f3n, prefiri\u00f3 tranquilizarse y pidi\u00f3 que llegaran a un arreglo porque \u00e9l no ten\u00eda seguro.<\/div>\n<div class=\"ecxmsonormal\" style=\"background-color: white; background-position: initial initial; background-repeat: initial initial; text-align: justify;\">Con el fin de solucionar pronto la situaci\u00f3n, la mujer acept\u00f3 ir a un taller para efectuar un presupuesto de los da\u00f1os, que fueron evaluados en 9 mil pesos, acordando ambas partes en que se realizaran las reparaciones, aunque Gonz\u00e1lez L\u00f3pez comenz\u00f3 a negarse a cubrir dichos gastos argumentando que no ten\u00eda dinero<\/div>\n","protected":false},"excerpt":{"rendered":"<p>Elementos de la Polic\u00eda Ministerial detuvieron a Ricardo Amir Gonz\u00e1lez L\u00f3pez, por causar un accidente de tr\u00e1nsito y no pagar los da\u00f1os. Seg\u00fan el expediente, Silvia Mar\u00eda Larranche Carballo dijo<\/p>\n","protected":false},"author":1,"featured_media":23820,"comment_status":"open","ping_status":"open","sticky":false,"template":"","format":"standard","meta":{"jetpack_post_was_ever_published":false,"_jetpack_newsletter_access":"","_jetpack_dont_email_post_to_subs":false,"_jetpack_newsletter_tier_id":0,"_jetpack_memberships_contains_paywalled_content":false,"_jetpack_memberships_contains_paid_content":false,"footnotes":"","jetpack_publicize_message":"","jetpack_publicize_feature_enabled":true,"jetpack_social_post_already_shared":false,"jetpack_social_options":{"image_generator_settings":{"template":"highway","default_image_id":0,"font":"","enabled":false},"version":2}},"categories":[60,3,1,53],"tags":[],"class_list":["post-6861","post","type-post","status-publish","format-standard","has-post-thumbnail","hentry","category-cafres","category-portada","category-sin-categoria","category-yo-no-fui"],"jetpack_publicize_connections":[],"jetpack_featured_media_url":"https:\/\/formalprision.com\/wp-content\/uploads\/2012\/06\/aaaapapigseste101-12_Ri...jpg","jetpack_sharing_enabled":true,"jetpack_shortlink":"https:\/\/wp.me\/p6id8p-1MF","_links":{"self":[{"href":"https:\/\/formalprision.com\/index.php?rest_route=\/wp\/v2\/posts\/6861","targetHints":{"allow":["GET"]}}],"collection":[{"href":"https:\/\/formalprision.com\/index.php?rest_route=\/wp\/v2\/posts"}],"about":[{"href":"https:\/\/formalprision.com\/index.php?rest_route=\/wp\/v2\/types\/post"}],"author":[{"embeddable":true,"href":"https:\/\/formalprision.com\/index.php?rest_route=\/wp\/v2\/users\/1"}],"replies":[{"embeddable":true,"href":"https:\/\/formalprision.com\/index.php?rest_route=%2Fwp%2Fv2%2Fcomments&post=6861"}],"version-history":[{"count":0,"href":"https:\/\/formalprision.com\/index.php?rest_route=\/wp\/v2\/posts\/6861\/revisions"}],"wp:featuredmedia":[{"embeddable":true,"href":"https:\/\/formalprision.com\/index.php?rest_route=\/wp\/v2\/media\/23820"}],"wp:attachment":[{"href":"https:\/\/formalprision.com\/index.php?rest_route=%2Fwp%2Fv2%2Fmedia&parent=6861"}],"wp:term":[{"taxonomy":"category","embeddable":true,"href":"https:\/\/formalprision.com\/index.php?rest_route=%2Fwp%2Fv2%2Fcategories&post=6861"},{"taxonomy":"post_tag","embeddable":true,"href":"https:\/\/formalprision.com\/index.php?rest_route=%2Fwp%2Fv2%2Ftags&post=6861"}],"curies":[{"name":"wp","href":"https:\/\/api.w.org\/{rel}","templated":true}]}}