{"id":6863,"date":"2012-06-07T00:00:00","date_gmt":"2012-06-07T00:00:00","guid":{"rendered":"http:\/\/formalprision.info\/2012\/06\/07\/familia-de-ladrones-dicen-que-no\/"},"modified":"2015-06-03T08:51:53","modified_gmt":"2015-06-03T08:51:53","slug":"familia-de-ladrones-dicen-que-no","status":"publish","type":"post","link":"https:\/\/formalprision.com\/?p=6863","title":{"rendered":"Familia de ladrones dicen que no robaron, sino que no les dieron factura"},"content":{"rendered":"<p><\/p>\n<div class=\"separator\" style=\"clear: both; text-align: center;\"><a href=\"http:\/\/4.bp.blogspot.com\/-Q0taz34MG4k\/T8-5p47NorI\/AAAAAAAAHEw\/tGQVaaM_n1s\/s1600\/aaaperry.JPG\" imageanchor=\"1\" style=\"margin-left: 1em; margin-right: 1em;\"><img loading=\"lazy\" decoding=\"async\" border=\"0\" height=\"240\" src=\"http:\/\/formalprision.com\/wp-content\/uploads\/2012\/06\/aaaperry.jpg\" width=\"320\" \/><\/a><\/div>\n<div class=\"MsoNormal\" style=\"background-color: white; background-position: initial initial; background-repeat: initial initial; margin-bottom: 0.0001pt;\">El Ministerio P\u00fablico consign\u00f3 hoy a &nbsp;&nbsp;cinco integrantes de una familia detenida por cuantioso robo en Chedraui <\/div>\n<div class=\"MsoNormal\" style=\"background-color: white; background-position: initial initial; background-repeat: initial initial; margin-bottom: 0.0001pt;\">Al rendir su declaraci\u00f3n preparatoria, los cinco &nbsp;negaron haber participado en el hurto.<\/div>\n<div class=\"MsoNormal\" style=\"background-color: white; background-position: initial initial; background-repeat: initial initial; margin-bottom: 0.0001pt;\">Los sujetos, detenidos el lunes por agentes de la SSP, fueron consignados al Juzgado Quinto Penal, acusados de robo calificado cometido en pandilla.<\/div>\n<div class=\"MsoNormal\" style=\"background-color: white; background-position: initial initial; background-repeat: initial initial; margin-bottom: 0.0001pt;\">Comparecieron ante ese juzgado Javier Esquivel L\u00f3pez, su pareja Gloria Toledo Romero, y sus respectivos hijos Bryan Javier Esquivel Guti\u00e9rrez y Manuel Alejandro Hern\u00e1ndez Toledo, adem\u00e1s de Ricardo Ch\u00e1vez Molina, sobrino de Esquivel L\u00f3pez.<\/div>\n<div class=\"MsoNormal\" style=\"background-color: white; background-position: initial initial; background-repeat: initial initial; margin-bottom: 0.0001pt;\">La Unidad de An\u00e1lisis e Informaci\u00f3n (UDAI) de la &nbsp;SSP determin\u00f3 que la mujer y su hijo Manuel Hern\u00e1ndez tienen \u00f3rdenes de aprehensi\u00f3n pendientes en Michoac\u00e1n, de donde son originarios.<\/div>\n<div class=\"MsoNormal\" style=\"background-color: white; background-position: initial initial; background-repeat: initial initial; margin-bottom: 0.0001pt;\">La banda es conocida como \u201cLa Media\u201d, debido a que lo que robaban sol\u00edan guardarlo dentro de sus calcetas.<\/div>\n<div class=\"MsoNormal\" style=\"background-color: white; background-position: initial initial; background-repeat: initial initial; margin-bottom: 0.0001pt;\">Ante el Juzgado, los detenidos dijeron que llegaron de Canc\u00fan y fueron a &nbsp;Chedraui Norte a almorzar.<\/div>\n<div class=\"MsoNormal\" style=\"background-color: white; background-position: initial initial; background-repeat: initial initial; margin-bottom: 0.0001pt;\">Al salir, discutieron con empleados de vigilancia y luego fueron detenidos en un ret\u00e9n cuando viajaban en un &nbsp;Altima con placas 909-XUF del DF.<\/div>\n<div class=\"MsoNormal\" style=\"background-color: white; background-position: initial initial; background-repeat: initial initial; margin-bottom: 0.0001pt;\">Admitieron que les quitaron una laptop, equipos electr\u00f3nicos, calzado y herramientas, pero alegaron que esta mercanc\u00eda la adquirieron en Canc\u00fan, pero no les dieron nota de venta ni &nbsp;factura.<\/div>\n<div class=\"MsoNormal\" style=\"background-color: white; background-position: initial initial; background-repeat: initial initial; margin-bottom: 0.0001pt;\">El bot\u00edn fue calculado en $14,000.(Acom)<\/div>\n<div class=\"MsoNormal\"><\/div>\n","protected":false},"excerpt":{"rendered":"<p>El Ministerio P\u00fablico consign\u00f3 hoy a &nbsp;&nbsp;cinco integrantes de una familia detenida por cuantioso robo en Chedraui Al rendir su declaraci\u00f3n preparatoria, los cinco &nbsp;negaron haber participado en el hurto.<\/p>\n","protected":false},"author":1,"featured_media":23824,"comment_status":"open","ping_status":"open","sticky":false,"template":"","format":"standard","meta":{"jetpack_post_was_ever_published":false,"_jetpack_newsletter_access":"","_jetpack_dont_email_post_to_subs":false,"_jetpack_newsletter_tier_id":0,"_jetpack_memberships_contains_paywalled_content":false,"_jetpack_memberships_contains_paid_content":false,"footnotes":"","jetpack_publicize_message":"","jetpack_publicize_feature_enabled":true,"jetpack_social_post_already_shared":false,"jetpack_social_options":{"image_generator_settings":{"template":"highway","default_image_id":0,"font":"","enabled":false},"version":2}},"categories":[45,3,1],"tags":[],"class_list":["post-6863","post","type-post","status-publish","format-standard","has-post-thumbnail","hentry","category-delincuentes-vip","category-portada","category-sin-categoria"],"jetpack_publicize_connections":[],"jetpack_featured_media_url":"https:\/\/formalprision.com\/wp-content\/uploads\/2012\/06\/aaaperry.jpg","jetpack_sharing_enabled":true,"jetpack_shortlink":"https:\/\/wp.me\/p6id8p-1MH","_links":{"self":[{"href":"https:\/\/formalprision.com\/index.php?rest_route=\/wp\/v2\/posts\/6863","targetHints":{"allow":["GET"]}}],"collection":[{"href":"https:\/\/formalprision.com\/index.php?rest_route=\/wp\/v2\/posts"}],"about":[{"href":"https:\/\/formalprision.com\/index.php?rest_route=\/wp\/v2\/types\/post"}],"author":[{"embeddable":true,"href":"https:\/\/formalprision.com\/index.php?rest_route=\/wp\/v2\/users\/1"}],"replies":[{"embeddable":true,"href":"https:\/\/formalprision.com\/index.php?rest_route=%2Fwp%2Fv2%2Fcomments&post=6863"}],"version-history":[{"count":0,"href":"https:\/\/formalprision.com\/index.php?rest_route=\/wp\/v2\/posts\/6863\/revisions"}],"wp:featuredmedia":[{"embeddable":true,"href":"https:\/\/formalprision.com\/index.php?rest_route=\/wp\/v2\/media\/23824"}],"wp:attachment":[{"href":"https:\/\/formalprision.com\/index.php?rest_route=%2Fwp%2Fv2%2Fmedia&parent=6863"}],"wp:term":[{"taxonomy":"category","embeddable":true,"href":"https:\/\/formalprision.com\/index.php?rest_route=%2Fwp%2Fv2%2Fcategories&post=6863"},{"taxonomy":"post_tag","embeddable":true,"href":"https:\/\/formalprision.com\/index.php?rest_route=%2Fwp%2Fv2%2Ftags&post=6863"}],"curies":[{"name":"wp","href":"https:\/\/api.w.org\/{rel}","templated":true}]}}