{"id":6865,"date":"2012-06-06T21:30:00","date_gmt":"2012-06-06T21:30:00","guid":{"rendered":"http:\/\/formalprision.info\/2012\/06\/06\/atestigua-alcalde-favor-de-un\/"},"modified":"2015-06-03T08:51:54","modified_gmt":"2015-06-03T08:51:54","slug":"atestigua-alcalde-favor-de-un","status":"publish","type":"post","link":"https:\/\/formalprision.com\/?p=6865","title":{"rendered":"Atestigua alcalde a favor de un secuestrador amigo de Maribel Guardia"},"content":{"rendered":"<p><\/p>\n<div class=\"MsoNormal\"><b>Jos\u00e9 Manuel Correa Moguel, alcalde de la isla quintanarroense de Holbox, compareci\u00f3 ante autoridades penales yucatecas por el caso del secuestro de dos personas en Pensiones.<\/b><\/div>\n<div class=\"MsoNormal\"><b>Aunque la isla es municipio de L\u00e1zaro C\u00e1rdenas, Quintana Roo, Correa Moguel tiene nombramiento de alcalde en esa isla y acudi\u00f3 al Juzgado Octavo Penal para atestiguar a favor de uno de los secuestradores detenidos.<\/b><\/div>\n<div class=\"MsoNormal\"><b>El alcalde dijo que Henry Mart\u00edn Moguel Jim\u00e9nez (a) \u201cEl Holbox\u201d, uno de los secuestradores detenidos, es vecino de esa isla y estuvo en ese lugar cuando ocurri\u00f3 el secuestro que le atribuyen en M\u00e9rida.<\/b><\/div>\n<div class=\"MsoNormal\"><b>La defensa de Moguel ofreci\u00f3 al alcalde como testigo, aunque al parecer es su pariente cercano.<\/b><\/div>\n<div class=\"MsoNormal\"><b>Tambi\u00e9n comparecieron otros vecinos de esa isla, quienes reiteraron que el acusado estaba en la isla en las fechas en que ocurri\u00f3 el plagio en M\u00e9rida.<\/b><\/div>\n<div class=\"MsoNormal\"><b>Estos testimonios constituyen las pruebas ofrecidas por la defensa del joven detenido antes de que el Juzgado Octavo Penal defina la situaci\u00f3n jur\u00eddica.<\/b><\/div>\n<div class=\"MsoNormal\"><b>Durante su declaraci\u00f3n preparatoria, Moguel Jim\u00e9nez dijo que se encontraba con la actriz Maribel Guardia y con un pol\u00edtico de renombre cuando ocurri\u00f3 el secuestro en M\u00e9rida, incluso dijo contar con una fotograf\u00eda en la que aparece con la artista.<\/b><\/div>\n<div class=\"MsoNormal\"><b>Admiti\u00f3 que conoce al l\u00edder pr\u00f3fugo de la banda de secuestradores, Javier Sanabria Flores, &nbsp;pues fue su lanchero en Holbox, pero rechaz\u00f3 ser parte de su organizaci\u00f3n delictiva.<\/b><\/div>\n<div class=\"MsoNormal\" style=\"background: white; line-height: 18.0pt; margin-bottom: .0001pt; margin-bottom: 0cm;\"><b>Los dem\u00e1s detenidos son Edgar Eduardo Vega Garc\u00eda (a) \u201cBorrego\u201d, Enrique Adolfo Ortiz Garc\u00eda (a) \u201cComandante\u201d, Miguel Ram\u00edrez Castillo (a) \u201cHenry\u201d y Juan Manuel Ortiz Garc\u00eda (a) \u201cJuanito\u201d.<\/b><\/div>\n<div class=\"MsoNormal\" style=\"background: white; line-height: 18.0pt; margin-bottom: .0001pt; margin-bottom: 0cm;\"><b>Est\u00e1n acusados de privaci\u00f3n ilegal de la libertad, en perjuicio del empresario Ra\u00fal Daniel Pimentel Sp\u00ednola, due\u00f1o de la perfumer\u00eda &nbsp;\u201cD\u2019France\u201d y su chofer Rogelio Maule\u00f3n Elvira. (Acom)<\/b><\/div>\n","protected":false},"excerpt":{"rendered":"<p>Jos\u00e9 Manuel Correa Moguel, alcalde de la isla quintanarroense de Holbox, compareci\u00f3 ante autoridades penales yucatecas por el caso del secuestro de dos personas en Pensiones. Aunque la isla es<\/p>\n","protected":false},"author":1,"featured_media":0,"comment_status":"open","ping_status":"open","sticky":false,"template":"","format":"standard","meta":{"jetpack_post_was_ever_published":false,"_jetpack_newsletter_access":"","_jetpack_dont_email_post_to_subs":false,"_jetpack_newsletter_tier_id":0,"_jetpack_memberships_contains_paywalled_content":false,"_jetpack_memberships_contains_paid_content":false,"footnotes":"","jetpack_publicize_message":"","jetpack_publicize_feature_enabled":true,"jetpack_social_post_already_shared":false,"jetpack_social_options":{"image_generator_settings":{"template":"highway","default_image_id":0,"font":"","enabled":false},"version":2}},"categories":[45,3,1],"tags":[],"class_list":["post-6865","post","type-post","status-publish","format-standard","hentry","category-delincuentes-vip","category-portada","category-sin-categoria"],"jetpack_publicize_connections":[],"jetpack_featured_media_url":"","jetpack_sharing_enabled":true,"jetpack_shortlink":"https:\/\/wp.me\/p6id8p-1MJ","_links":{"self":[{"href":"https:\/\/formalprision.com\/index.php?rest_route=\/wp\/v2\/posts\/6865","targetHints":{"allow":["GET"]}}],"collection":[{"href":"https:\/\/formalprision.com\/index.php?rest_route=\/wp\/v2\/posts"}],"about":[{"href":"https:\/\/formalprision.com\/index.php?rest_route=\/wp\/v2\/types\/post"}],"author":[{"embeddable":true,"href":"https:\/\/formalprision.com\/index.php?rest_route=\/wp\/v2\/users\/1"}],"replies":[{"embeddable":true,"href":"https:\/\/formalprision.com\/index.php?rest_route=%2Fwp%2Fv2%2Fcomments&post=6865"}],"version-history":[{"count":0,"href":"https:\/\/formalprision.com\/index.php?rest_route=\/wp\/v2\/posts\/6865\/revisions"}],"wp:attachment":[{"href":"https:\/\/formalprision.com\/index.php?rest_route=%2Fwp%2Fv2%2Fmedia&parent=6865"}],"wp:term":[{"taxonomy":"category","embeddable":true,"href":"https:\/\/formalprision.com\/index.php?rest_route=%2Fwp%2Fv2%2Fcategories&post=6865"},{"taxonomy":"post_tag","embeddable":true,"href":"https:\/\/formalprision.com\/index.php?rest_route=%2Fwp%2Fv2%2Ftags&post=6865"}],"curies":[{"name":"wp","href":"https:\/\/api.w.org\/{rel}","templated":true}]}}