{"id":6868,"date":"2012-06-05T18:30:00","date_gmt":"2012-06-05T18:30:00","guid":{"rendered":"http:\/\/formalprision.info\/2012\/06\/05\/tension-en-el-penal-de-merida-por-la\/"},"modified":"2015-06-03T08:51:54","modified_gmt":"2015-06-03T08:51:54","slug":"tension-en-el-penal-de-merida-por-la","status":"publish","type":"post","link":"https:\/\/formalprision.com\/?p=6868","title":{"rendered":"Tensi\u00f3n en el penal de M\u00e9rida por la ri\u00f1a de ayer"},"content":{"rendered":"<p><\/p>\n<div class=\"separator\" style=\"clear: both; text-align: center;\"><a href=\"http:\/\/4.bp.blogspot.com\/-g1rue9uhRXw\/T85A-iTLTKI\/AAAAAAAAHEE\/SZyCagGMzxg\/s1600\/aaala+foto+del+penaa.jpg\" imageanchor=\"1\" style=\"margin-left: 1em; margin-right: 1em;\"><img loading=\"lazy\" decoding=\"async\" border=\"0\" height=\"189\" src=\"http:\/\/formalprision.com\/wp-content\/uploads\/2012\/06\/aaala-foto-del-penaa.jpg\" width=\"320\" \/><\/a><\/div>\n<div class=\"MsoNormal\">Luego de la ri\u00f1a en el penal meridano de San Jos\u00e9 Tecoh, ese centro penitenciario vive una tensa calma, por lo que se han reforzado las medidas de seguridad en el lugar.<\/div>\n<div class=\"MsoNormal\" style=\"background: white; line-height: 18.0pt; margin-bottom: .0001pt; margin-bottom: 0cm;\">La direcci\u00f3n el penal ha tomado otras medidas preventivas poco ortodoxas, como aplicar castigos a los reclusos que intervinieron en ella pelea, ya que adem\u00e1s de los tres heridos, en la gresca participaron cuando menos otros 15 reos.<\/div>\n<div class=\"MsoNormal\" style=\"background: white; line-height: 18.0pt; margin-bottom: .0001pt; margin-bottom: 0cm;\">Las medidas preventivas se adoptaron porque se teme que los reclusos cobren venganza del ataque y se registre nuevo hecho violento.<\/div>\n<div class=\"MsoNormal\" style=\"background: white; line-height: 18.0pt; margin-bottom: .0001pt; margin-bottom: 0cm;\">Familiares de los reclusos que acudieron hoy al centro penitenciario manifestaron que sus parientes les informaron que se aplicaron restricciones a ra\u00edz de la pelea, adem\u00e1s de que se orden\u00f3 no hablar de lo sucedido, pues la versi\u00f3n oficial dista mucho de los que en realidad ocurri\u00f3.<\/div>\n<div class=\"MsoNormal\" style=\"background: white; line-height: 18.0pt; margin-bottom: .0001pt; margin-bottom: 0cm;\">Como informamos, en la ri\u00f1a resultaron lesionados los reclusos con arma blanca &nbsp;Jos\u00e9 Mart\u00edn &nbsp;Camargo, Julio Morales Le\u00f3n y David Eu\u00e1n S\u00e1nchez, quienes fueron llevados al Hospital Ohor\u00e1n.<\/div>\n<div class=\"MsoNormal\" style=\"background: white; line-height: 18.0pt; margin-bottom: .0001pt; margin-bottom: 0cm;\">La versi\u00f3n oficial fue que uno de los reclusos atac\u00f3 a los otros dos por una crisis nerviosa.<\/div>\n<div class=\"MsoNormal\" style=\"background: white; line-height: 18.0pt; margin-bottom: .0001pt; margin-bottom: 0cm;\">Sin embargo, fuentes polic\u00edacas y los propios familiares de los internos se\u00f1alaron que el asunto tiene relaci\u00f3n con el control en la venta de drogas en ese centro penitenciario.<\/div>\n<div class=\"MsoNormal\" style=\"background: white; line-height: 18.0pt; margin-bottom: .0001pt; margin-bottom: 0cm;\">Por lo pronto, la SSP dispuso que sus elementos destacados en el centro penitenciario reporten cualquier situaci\u00f3n por muy leve que suceda, adem\u00e1s de que tiene ya preparado un grupo de agentes en la delegaci\u00f3n Sur, ubicada a unos metros del penal. (Acom)<\/div>\n<div class=\"MsoNormal\" style=\"background: white; line-height: 18.0pt; margin-bottom: .0001pt; margin-bottom: 0cm;\"><\/div>\n","protected":false},"excerpt":{"rendered":"<p>Luego de la ri\u00f1a en el penal meridano de San Jos\u00e9 Tecoh, ese centro penitenciario vive una tensa calma, por lo que se han reforzado las medidas de seguridad en<\/p>\n","protected":false},"author":1,"featured_media":23833,"comment_status":"open","ping_status":"open","sticky":false,"template":"","format":"standard","meta":{"jetpack_post_was_ever_published":false,"_jetpack_newsletter_access":"","_jetpack_dont_email_post_to_subs":false,"_jetpack_newsletter_tier_id":0,"_jetpack_memberships_contains_paywalled_content":false,"_jetpack_memberships_contains_paid_content":false,"footnotes":"","jetpack_publicize_message":"","jetpack_publicize_feature_enabled":true,"jetpack_social_post_already_shared":false,"jetpack_social_options":{"image_generator_settings":{"template":"highway","default_image_id":0,"font":"","enabled":false},"version":2}},"categories":[3,1,49],"tags":[],"class_list":["post-6868","post","type-post","status-publish","format-standard","has-post-thumbnail","hentry","category-portada","category-sin-categoria","category-tocho-morocho"],"jetpack_publicize_connections":[],"jetpack_featured_media_url":"https:\/\/formalprision.com\/wp-content\/uploads\/2012\/06\/aaala-foto-del-penaa.jpg","jetpack_sharing_enabled":true,"jetpack_shortlink":"https:\/\/wp.me\/p6id8p-1MM","_links":{"self":[{"href":"https:\/\/formalprision.com\/index.php?rest_route=\/wp\/v2\/posts\/6868","targetHints":{"allow":["GET"]}}],"collection":[{"href":"https:\/\/formalprision.com\/index.php?rest_route=\/wp\/v2\/posts"}],"about":[{"href":"https:\/\/formalprision.com\/index.php?rest_route=\/wp\/v2\/types\/post"}],"author":[{"embeddable":true,"href":"https:\/\/formalprision.com\/index.php?rest_route=\/wp\/v2\/users\/1"}],"replies":[{"embeddable":true,"href":"https:\/\/formalprision.com\/index.php?rest_route=%2Fwp%2Fv2%2Fcomments&post=6868"}],"version-history":[{"count":0,"href":"https:\/\/formalprision.com\/index.php?rest_route=\/wp\/v2\/posts\/6868\/revisions"}],"wp:featuredmedia":[{"embeddable":true,"href":"https:\/\/formalprision.com\/index.php?rest_route=\/wp\/v2\/media\/23833"}],"wp:attachment":[{"href":"https:\/\/formalprision.com\/index.php?rest_route=%2Fwp%2Fv2%2Fmedia&parent=6868"}],"wp:term":[{"taxonomy":"category","embeddable":true,"href":"https:\/\/formalprision.com\/index.php?rest_route=%2Fwp%2Fv2%2Fcategories&post=6868"},{"taxonomy":"post_tag","embeddable":true,"href":"https:\/\/formalprision.com\/index.php?rest_route=%2Fwp%2Fv2%2Ftags&post=6868"}],"curies":[{"name":"wp","href":"https:\/\/api.w.org\/{rel}","templated":true}]}}