{"id":6872,"date":"2012-06-04T17:32:00","date_gmt":"2012-06-04T17:32:00","guid":{"rendered":"http:\/\/formalprision.info\/2012\/06\/04\/rina-en-penal-meridano-por-el-contro\/"},"modified":"2015-06-03T08:51:55","modified_gmt":"2015-06-03T08:51:55","slug":"rina-en-penal-meridano-por-el-contro","status":"publish","type":"post","link":"https:\/\/formalprision.com\/?p=6872","title":{"rendered":"Ri\u00f1a en penal meridano por el control en la venta de drogas deja 3 reos heridos"},"content":{"rendered":"<p><\/p>\n<div class=\"separator\" style=\"clear: both; text-align: center;\"><a href=\"http:\/\/3.bp.blogspot.com\/-Z3mtx-5xWJ8\/T8zxMDhqRAI\/AAAAAAAAHDs\/7cZ8_3us1Tk\/s1600\/ceraaaapeni+eso.jpg\" imageanchor=\"1\" style=\"margin-left: 1em; margin-right: 1em;\"><img loading=\"lazy\" decoding=\"async\" border=\"0\" height=\"213\" src=\"http:\/\/formalprision.com\/wp-content\/uploads\/2012\/06\/ceraaaapeni-eso.jpg\" width=\"320\" \/><\/a><\/div>\n<div class=\"MsoNormal\">Una ri\u00f1a ocurrida anoche en el penal de San Jos\u00e9 Tecoh dej\u00f3 por lo menos tres reos lesionados.<\/div>\n<div class=\"MsoNormal\">La ri\u00f1a motiv\u00f3 la intervenci\u00f3n de la polic\u00edas y la llegada del Ej\u00e9rcito y dem\u00e1s fueras federales.<\/div>\n<div class=\"MsoNormal\">Aunque no ha habido informaci\u00f3n oficial al respecto, trascendi\u00f3 que&nbsp; la ri\u00f1a fue por el control de la venta de drogas en ese centro penitenciario, dirigido por Francisco Brito Herrera.<\/div>\n<div class=\"MsoNormal\">Ocurri\u00f3 pasada la medianoche en el \u00e1rea de sentenciados.<\/div>\n<div class=\"MsoNormal\">Empez\u00f3 entre celadores, grupo de reclusos que cumplen tambi\u00e9n funci\u00f3n de vigilancia entre sus compa\u00f1eros.<\/div>\n<div class=\"MsoNormal\">Luego, el pleito se generaliz\u00f3 e intervinieron m\u00e1s de 20 reclusos.<\/div>\n<div class=\"MsoNormal\">Cuando el pleito se generaliz\u00f3, los agentes de la SSP destacados en el lugar pidieron refuerzos y de inmediato llegaron al sitio varias unidades polic\u00edacas,.<\/div>\n<div class=\"MsoNormal\">Despu\u00e9s lleg\u00f3 la Polic\u00eda Federal y el Ej\u00e9rcito, pero la situaci\u00f3n estaba ya controlada.<\/div>\n<div class=\"MsoNormal\">Los reclusos heridos son Jos\u00e9 Mart\u00edn &nbsp;Camargo, Julio Morales Le\u00f3n y David Eu\u00e1n S\u00e1nchez, quienes fueron llevados al Hospital Ohoran.<\/div>\n<div class=\"MsoNormal\"><\/div>\n<div class=\"MsoNormal\">La direcci\u00f3n del penal, encabezada por el Profr. Francisco Brito Herrera, orden\u00f3 desde hoy temprano que nos e diera informaci\u00f3n a los familiares y aplic\u00f3 castigo a los reclusos rijosos.<\/div>\n<div class=\"MsoNormal\">La venta de drogas en el penal meridano es una pr\u00e1ctica com\u00fan desde hace varios a\u00f1os.<\/div>\n","protected":false},"excerpt":{"rendered":"<p>Una ri\u00f1a ocurrida anoche en el penal de San Jos\u00e9 Tecoh dej\u00f3 por lo menos tres reos lesionados. La ri\u00f1a motiv\u00f3 la intervenci\u00f3n de la polic\u00edas y la llegada del<\/p>\n","protected":false},"author":1,"featured_media":23841,"comment_status":"open","ping_status":"open","sticky":false,"template":"","format":"standard","meta":{"jetpack_post_was_ever_published":false,"_jetpack_newsletter_access":"","_jetpack_dont_email_post_to_subs":false,"_jetpack_newsletter_tier_id":0,"_jetpack_memberships_contains_paywalled_content":false,"_jetpack_memberships_contains_paid_content":false,"footnotes":"","jetpack_publicize_message":"","jetpack_publicize_feature_enabled":true,"jetpack_social_post_already_shared":false,"jetpack_social_options":{"image_generator_settings":{"template":"highway","default_image_id":0,"font":"","enabled":false},"version":2}},"categories":[50,3,1,49],"tags":[],"class_list":["post-6872","post","type-post","status-publish","format-standard","has-post-thumbnail","hentry","category-machines","category-portada","category-sin-categoria","category-tocho-morocho"],"jetpack_publicize_connections":[],"jetpack_featured_media_url":"https:\/\/formalprision.com\/wp-content\/uploads\/2012\/06\/ceraaaapeni-eso.jpg","jetpack_sharing_enabled":true,"jetpack_shortlink":"https:\/\/wp.me\/p6id8p-1MQ","_links":{"self":[{"href":"https:\/\/formalprision.com\/index.php?rest_route=\/wp\/v2\/posts\/6872","targetHints":{"allow":["GET"]}}],"collection":[{"href":"https:\/\/formalprision.com\/index.php?rest_route=\/wp\/v2\/posts"}],"about":[{"href":"https:\/\/formalprision.com\/index.php?rest_route=\/wp\/v2\/types\/post"}],"author":[{"embeddable":true,"href":"https:\/\/formalprision.com\/index.php?rest_route=\/wp\/v2\/users\/1"}],"replies":[{"embeddable":true,"href":"https:\/\/formalprision.com\/index.php?rest_route=%2Fwp%2Fv2%2Fcomments&post=6872"}],"version-history":[{"count":0,"href":"https:\/\/formalprision.com\/index.php?rest_route=\/wp\/v2\/posts\/6872\/revisions"}],"wp:featuredmedia":[{"embeddable":true,"href":"https:\/\/formalprision.com\/index.php?rest_route=\/wp\/v2\/media\/23841"}],"wp:attachment":[{"href":"https:\/\/formalprision.com\/index.php?rest_route=%2Fwp%2Fv2%2Fmedia&parent=6872"}],"wp:term":[{"taxonomy":"category","embeddable":true,"href":"https:\/\/formalprision.com\/index.php?rest_route=%2Fwp%2Fv2%2Fcategories&post=6872"},{"taxonomy":"post_tag","embeddable":true,"href":"https:\/\/formalprision.com\/index.php?rest_route=%2Fwp%2Fv2%2Ftags&post=6872"}],"curies":[{"name":"wp","href":"https:\/\/api.w.org\/{rel}","templated":true}]}}