{"id":6876,"date":"2012-06-02T02:30:00","date_gmt":"2012-06-02T02:30:00","guid":{"rendered":"http:\/\/formalprision.info\/2012\/06\/02\/secuestrador-dice-que-paseaba-con\/"},"modified":"2015-06-03T08:51:55","modified_gmt":"2015-06-03T08:51:55","slug":"secuestrador-dice-que-paseaba-con","status":"publish","type":"post","link":"https:\/\/formalprision.com\/?p=6876","title":{"rendered":"Secuestrador dice que paseaba con Maribel Guardia cuando ocurri\u00f3 el secuestro"},"content":{"rendered":"<p><\/p>\n<div class=\"separator\" style=\"clear: both; text-align: center;\"><a href=\"http:\/\/3.bp.blogspot.com\/-mJ4--Zr6uOI\/T8lyAAlucDI\/AAAAAAAAHCk\/JnjfEyLnv8U\/s1600\/aaaaa01PSECUESTRO_(HENRY_Y_JUANITO)FP02.JPG\" imageanchor=\"1\" style=\"margin-left: 1em; margin-right: 1em;\"><img loading=\"lazy\" decoding=\"async\" border=\"0\" height=\"240\" src=\"http:\/\/formalprision.com\/wp-content\/uploads\/2012\/06\/aaaaa01PSECUESTRO_HENRY_Y_JUANITOFP02.jpg\" width=\"320\" \/><\/a><\/div>\n<div class=\"MsoNormal\" style=\"background-color: white; background-position: initial initial; background-repeat: initial initial; margin-bottom: 0.0001pt;\">Los cinco detenidos por el secuestro de dos personas en Pensiones rindieron hoy declaraci\u00f3n preparatoria y negaron los hechos.<\/div>\n<div class=\"MsoNormal\" style=\"background-color: white; background-position: initial initial; background-repeat: initial initial; margin-bottom: 0.0001pt;\">Con diferentes argumentos, los cinco detenidos dijeron que no secuestraron a nadie, aunque todos dijeron conocer al pr\u00f3fugo Javier Sanabria Flores y de alguna manera le endilgan el il\u00edcito a esta persona.<\/div>\n<div class=\"MsoNormal\" style=\"background-color: white; background-position: initial initial; background-repeat: initial initial; margin-bottom: 0.0001pt;\">Entre los argumentos que llamaron la atenci\u00f3n durante la marat\u00f3nica jornada fue el de Henry Mart\u00edn Moguel Jim\u00e9nez, quien dijo que \u00e9l se encontraba con la actriz Maribel Guardia y un pol\u00edtico de renombre en Holbox cuando ocurri\u00f3 el secuestro.<\/div>\n<div class=\"MsoNormal\" style=\"background-color: white; background-position: initial initial; background-repeat: initial initial; margin-bottom: 0.0001pt;\">Los detenidos que declararon hoy son Edgar Eduardo Vega Garc\u00eda (a) \u201cBorrego\u201d, Moguel Jim\u00e9nez (a) \u201cHolbox\u201d, Enrique Adolfo Ortiz Garc\u00eda (a) \u201cComandante\u201d, Miguel Ram\u00edrez Castillo (a) \u201cHenry\u201d y Juan Manuel Ortiz Garc\u00eda (a) \u201cJuanito\u201d.<\/div>\n<div class=\"MsoNormal\" style=\"background-color: white; background-position: initial initial; background-repeat: initial initial; margin-bottom: 0.0001pt;\">Est\u00e1n acusados de privaci\u00f3n ilegal de la libertad, en perjuicio del empresario Ra\u00fal Daniel Pimentel Sp\u00ednola, due\u00f1o de la perfumer\u00eda &nbsp;\u201cD\u2019France\u201d y su chofer Rogelio Maule\u00f3n Elvira.<\/div>\n<div class=\"MsoNormal\" style=\"background-color: white; background-position: initial initial; background-repeat: initial initial; margin-bottom: 0.0001pt;\">En su declaraci\u00f3n, Moguel Jim\u00e9nez reiter\u00f3 que durante el tiempo que ocurri\u00f3 el secuestro estaba en Holbox y Cozumel, tocando en el grupo \u201cPie Descalzo\u201d .<\/div>\n<div class=\"MsoNormal\" style=\"background-color: white; background-position: initial initial; background-repeat: initial initial; margin-bottom: 0.0001pt;\">Asegura tener fotograf\u00edas en las que aparece acompa\u00f1ado con un prominente pol\u00edtico y&nbsp; la actriz Maribel Guardia, aunque no dio detalles,<\/div>\n<div class=\"MsoNormal\" style=\"background-color: white; background-position: initial initial; background-repeat: initial initial; margin-bottom: 0.0001pt;\">Se\u00f1al\u00f3 que en alguna ocasi\u00f3n fue lanchero de Sanabria Flores y cree que por esto lo involucran en el il\u00edcito.<\/div>\n<div class=\"MsoNormal\" style=\"background-color: white; background-position: initial initial; background-repeat: initial initial; margin-bottom: 0.0001pt;\">Vega Garc\u00eda se\u00f1al\u00f3 que en las fechas en que ocurri\u00f3 el secuestro estuvo en plaza Altabrisa, donde vio a Javier Sanabria Flores y a la novia de \u00e9ste y el sujeto le compr\u00f3 algunas cosas con una tarjeta clonada, pero rechaz\u00f3 tener algo que ver con el secuestro.<\/div>\n<div class=\"MsoNormal\" style=\"background-color: white; background-position: initial initial; background-repeat: initial initial; margin-bottom: 0.0001pt;\">Los dem\u00e1s detenidos se expresaron en t\u00e9rminos similares. &nbsp;(Acom)<\/div>\n<div class=\"MsoNormal\" style=\"background-color: white; background-position: initial initial; background-repeat: initial initial; margin-bottom: 0.0001pt;\"><\/div>\n","protected":false},"excerpt":{"rendered":"<p>Los cinco detenidos por el secuestro de dos personas en Pensiones rindieron hoy declaraci\u00f3n preparatoria y negaron los hechos. Con diferentes argumentos, los cinco detenidos dijeron que no secuestraron a<\/p>\n","protected":false},"author":1,"featured_media":23849,"comment_status":"open","ping_status":"open","sticky":false,"template":"","format":"standard","meta":{"jetpack_post_was_ever_published":false,"_jetpack_newsletter_access":"","_jetpack_dont_email_post_to_subs":false,"_jetpack_newsletter_tier_id":0,"_jetpack_memberships_contains_paywalled_content":false,"_jetpack_memberships_contains_paid_content":false,"footnotes":"","jetpack_publicize_message":"","jetpack_publicize_feature_enabled":true,"jetpack_social_post_already_shared":false,"jetpack_social_options":{"image_generator_settings":{"template":"highway","default_image_id":0,"font":"","enabled":false},"version":2}},"categories":[45,3,1],"tags":[],"class_list":["post-6876","post","type-post","status-publish","format-standard","has-post-thumbnail","hentry","category-delincuentes-vip","category-portada","category-sin-categoria"],"jetpack_publicize_connections":[],"jetpack_featured_media_url":"https:\/\/formalprision.com\/wp-content\/uploads\/2012\/06\/aaaaa01PSECUESTRO_HENRY_Y_JUANITOFP02.jpg","jetpack_sharing_enabled":true,"jetpack_shortlink":"https:\/\/wp.me\/p6id8p-1MU","_links":{"self":[{"href":"https:\/\/formalprision.com\/index.php?rest_route=\/wp\/v2\/posts\/6876","targetHints":{"allow":["GET"]}}],"collection":[{"href":"https:\/\/formalprision.com\/index.php?rest_route=\/wp\/v2\/posts"}],"about":[{"href":"https:\/\/formalprision.com\/index.php?rest_route=\/wp\/v2\/types\/post"}],"author":[{"embeddable":true,"href":"https:\/\/formalprision.com\/index.php?rest_route=\/wp\/v2\/users\/1"}],"replies":[{"embeddable":true,"href":"https:\/\/formalprision.com\/index.php?rest_route=%2Fwp%2Fv2%2Fcomments&post=6876"}],"version-history":[{"count":0,"href":"https:\/\/formalprision.com\/index.php?rest_route=\/wp\/v2\/posts\/6876\/revisions"}],"wp:featuredmedia":[{"embeddable":true,"href":"https:\/\/formalprision.com\/index.php?rest_route=\/wp\/v2\/media\/23849"}],"wp:attachment":[{"href":"https:\/\/formalprision.com\/index.php?rest_route=%2Fwp%2Fv2%2Fmedia&parent=6876"}],"wp:term":[{"taxonomy":"category","embeddable":true,"href":"https:\/\/formalprision.com\/index.php?rest_route=%2Fwp%2Fv2%2Fcategories&post=6876"},{"taxonomy":"post_tag","embeddable":true,"href":"https:\/\/formalprision.com\/index.php?rest_route=%2Fwp%2Fv2%2Ftags&post=6876"}],"curies":[{"name":"wp","href":"https:\/\/api.w.org\/{rel}","templated":true}]}}