{"id":6880,"date":"2012-06-01T16:30:00","date_gmt":"2012-06-01T16:30:00","guid":{"rendered":"http:\/\/formalprision.info\/2012\/06\/01\/pajaro-de-cuenta-argumenta-odio-en-su\/"},"modified":"2015-06-03T08:51:56","modified_gmt":"2015-06-03T08:51:56","slug":"pajaro-de-cuenta-argumenta-odio-en-su","status":"publish","type":"post","link":"https:\/\/formalprision.com\/?p=6880","title":{"rendered":"P\u00e1jaro de cuenta argumenta odio en su detenci\u00f3n"},"content":{"rendered":"<p><\/p>\n<div class=\"separator\" style=\"clear: both; text-align: center;\"><a href=\"http:\/\/1.bp.blogspot.com\/-BWsYLDPVD0Q\/T8grtC0jk2I\/AAAAAAAAHBw\/Z4SpB_O7u-g\/s1600\/aaaamerc+edes.JPG\" imageanchor=\"1\" style=\"margin-left: 1em; margin-right: 1em;\"><img loading=\"lazy\" decoding=\"async\" border=\"0\" height=\"240\" src=\"http:\/\/formalprision.com\/wp-content\/uploads\/2012\/06\/aaaamerc-edes.jpg\" width=\"320\" \/><\/a><\/div>\n<div class=\"MsoNormal\" style=\"background-color: white; background-position: initial initial; background-repeat: initial initial; margin-bottom: 0.0001pt;\">Jorge Rafael Bobadilla G\u00f3ngora (a) \u201cEl Huero\u201d fue detenido por intentar asaltar a una persona de la tercera edad.<\/div>\n<div class=\"MsoNormal\" style=\"background-color: white; background-position: initial initial; background-repeat: initial initial; margin-bottom: 0.0001pt;\">El sujeto fue consignado al Juzgado S\u00e9ptimo Penal, donde neg\u00f3 los hechos y afirm\u00f3 que en la colonia Mercedes Barrera, en la que vive, lo odian y por eso le inventan delitos.<\/div>\n<div class=\"MsoNormal\" style=\"background-color: white; background-position: initial initial; background-repeat: initial initial; margin-bottom: 0.0001pt;\">Est\u00e1 acusado de tentativa de robo con violencia, por denuncia de Concepci\u00f3n Vel\u00e1zquez Santana.<\/div>\n<div class=\"MsoNormal\" style=\"background-color: white; background-position: initial initial; background-repeat: initial initial; margin-bottom: 0.0001pt;\">El denunciante, se\u00f1al\u00f3 que a las 10 de la noche el sujeto estaba sentado en la calle 52 A x 111 B de la Mercedes Barrera y al pasar al anciano, se le fue encima y lo sujet\u00f3 del cuello.<\/div>\n<div class=\"MsoNormal\" style=\"background-color: white; background-position: initial initial; background-repeat: initial initial; margin-bottom: 0.0001pt;\">Lo puso contra la pared y le pidi\u00f3 que le diera todo el dinero que llevaba, pero el quejoso logr\u00f3 pedir auxilio a gritos.<\/div>\n<div class=\"MsoNormal\" style=\"background-color: white; background-position: initial initial; background-repeat: initial initial; margin-bottom: 0.0001pt;\">Los vecinos pidieron ayuda y agentes polic\u00edacos detuvieron al delincuente.<\/div>\n<div class=\"MsoNormal\" style=\"background-color: white; background-position: initial initial; background-repeat: initial initial; margin-bottom: 0.0001pt;\">En su declaraci\u00f3n preparatoria, el detenido dijo que estaba ebrio ese d\u00eda porque tom\u00f3 una botella y media de licor barato<\/div>\n<div class=\"MsoNormal\" style=\"background-color: white; background-position: initial initial; background-repeat: initial initial; margin-bottom: 0.0001pt;\">Dijo ya no recordar lo que sucedi\u00f3 despu\u00e9s, pero asegur\u00f3 que no intent\u00f3 asaltar \u201cal viejito\u201d<\/div>\n<div class=\"MsoNormal\" style=\"background-color: white; background-position: initial initial; background-repeat: initial initial; margin-bottom: 0.0001pt;\">Insisti\u00f3 en que los vecinos de esa colonia lo odian porque lo acusaron de robo y como sali\u00f3 de la c\u00e1rcel sin que le comprobaran el hurto, ahora buscan cualquier pretexto para encarcelarlo.<\/div>\n<div class=\"MsoNormal\" style=\"background-color: white; background-position: initial initial; background-repeat: initial initial; margin-bottom: 0.0001pt;\"><\/div>\n","protected":false},"excerpt":{"rendered":"<p>Jorge Rafael Bobadilla G\u00f3ngora (a) \u201cEl Huero\u201d fue detenido por intentar asaltar a una persona de la tercera edad. El sujeto fue consignado al Juzgado S\u00e9ptimo Penal, donde neg\u00f3 los<\/p>\n","protected":false},"author":1,"featured_media":23857,"comment_status":"open","ping_status":"open","sticky":false,"template":"","format":"standard","meta":{"jetpack_post_was_ever_published":false,"_jetpack_newsletter_access":"","_jetpack_dont_email_post_to_subs":false,"_jetpack_newsletter_tier_id":0,"_jetpack_memberships_contains_paywalled_content":false,"_jetpack_memberships_contains_paid_content":false,"footnotes":"","jetpack_publicize_message":"","jetpack_publicize_feature_enabled":true,"jetpack_social_post_already_shared":false,"jetpack_social_options":{"image_generator_settings":{"template":"highway","default_image_id":0,"font":"","enabled":false},"version":2}},"categories":[3,57,1],"tags":[],"class_list":["post-6880","post","type-post","status-publish","format-standard","has-post-thumbnail","hentry","category-portada","category-ratas","category-sin-categoria"],"jetpack_publicize_connections":[],"jetpack_featured_media_url":"https:\/\/formalprision.com\/wp-content\/uploads\/2012\/06\/aaaamerc-edes.jpg","jetpack_sharing_enabled":true,"jetpack_shortlink":"https:\/\/wp.me\/p6id8p-1MY","_links":{"self":[{"href":"https:\/\/formalprision.com\/index.php?rest_route=\/wp\/v2\/posts\/6880","targetHints":{"allow":["GET"]}}],"collection":[{"href":"https:\/\/formalprision.com\/index.php?rest_route=\/wp\/v2\/posts"}],"about":[{"href":"https:\/\/formalprision.com\/index.php?rest_route=\/wp\/v2\/types\/post"}],"author":[{"embeddable":true,"href":"https:\/\/formalprision.com\/index.php?rest_route=\/wp\/v2\/users\/1"}],"replies":[{"embeddable":true,"href":"https:\/\/formalprision.com\/index.php?rest_route=%2Fwp%2Fv2%2Fcomments&post=6880"}],"version-history":[{"count":0,"href":"https:\/\/formalprision.com\/index.php?rest_route=\/wp\/v2\/posts\/6880\/revisions"}],"wp:featuredmedia":[{"embeddable":true,"href":"https:\/\/formalprision.com\/index.php?rest_route=\/wp\/v2\/media\/23857"}],"wp:attachment":[{"href":"https:\/\/formalprision.com\/index.php?rest_route=%2Fwp%2Fv2%2Fmedia&parent=6880"}],"wp:term":[{"taxonomy":"category","embeddable":true,"href":"https:\/\/formalprision.com\/index.php?rest_route=%2Fwp%2Fv2%2Fcategories&post=6880"},{"taxonomy":"post_tag","embeddable":true,"href":"https:\/\/formalprision.com\/index.php?rest_route=%2Fwp%2Fv2%2Ftags&post=6880"}],"curies":[{"name":"wp","href":"https:\/\/api.w.org\/{rel}","templated":true}]}}