{"id":6881,"date":"2012-06-01T02:37:00","date_gmt":"2012-06-01T02:37:00","guid":{"rendered":"http:\/\/formalprision.info\/2012\/06\/01\/envian-al-penal-los-secuestradores-de\/"},"modified":"2015-06-03T08:51:57","modified_gmt":"2015-06-03T08:51:57","slug":"envian-al-penal-los-secuestradores-de","status":"publish","type":"post","link":"https:\/\/formalprision.com\/?p=6881","title":{"rendered":"Env\u00edan al penal a los secuestradores de Pensiones"},"content":{"rendered":"<div class=\"separator\" style=\"clear: both; text-align: center;\"><a href=\"http:\/\/1.bp.blogspot.com\/-OGV-9jAUO0A\/T8gqxOvQRLI\/AAAAAAAAHBo\/68wsX8KJTXM\/s1600\/aaalos+secues.jpg\" imageanchor=\"1\" style=\"margin-left: 1em; margin-right: 1em;\"><img loading=\"lazy\" decoding=\"async\" border=\"0\" height=\"265\" src=\"http:\/\/formalprision.com\/wp-content\/uploads\/2012\/06\/aaalos-secues.jpg\" width=\"320\" \/><\/a><\/div>\n<p>Los cinco detenidos por el secuestro de dos personas en Pensiones fueron puestos a disposici\u00f3n del Juzgado Octavo Penal.  <\/p>\n<div class=\"yiv478058620msonormal\" style=\"line-height: 115%; text-align: justify;\">A los sujetos se les levant\u00f3 el arraigo y se dio por cumplida la orden de aprehensi\u00f3n por privaci\u00f3n illegal de la libertad.<\/div>\n<div class=\"yiv478058620msonormal\" style=\"line-height: 115%; text-align: justify;\">Los consignados son EDGAR EDUARDO VEGA GARC\u00cdA (a) \u201cEl borrego\u201d, de 28 a\u00f1os de edad, HENRY MART\u00cdN MOGUEL JIM\u00c9NEZ (a) \u201cHolbox\u201d, de 24; ENRIQUE ADOLFO ORT\u00cdZ GARC\u00cdA (a) \u201cEl gordo\u201d \u201cEl Maick\u201d o \u201cEl Comandante\u201d, de 40 a\u00f1os, MIGUEL RAM\u00cdREZ CASTILLO (a) \u201cHenry\u201d, de 21 a\u00f1os, y JUAN MANUEL ORT\u00cdZ GARC\u00cdA (a) \u201cEl Viejo\u201d o \u201cEl Juanito\u201d, de 63 a\u00f1os.<\/div>\n<div class=\"yiv478058620msonormal\" style=\"line-height: 115%; text-align: justify;\">Los denunciantes son &nbsp;Ra\u00fal Daniel Pimentel Sp\u00ednola y Rogelio Mauleon Elvira.<\/div>\n<div class=\"yiv478058620msonormal\" style=\"text-align: justify;\">La orden de aprehensi\u00f3n fue efectuada luego de que el mismo juez levantara la orden de arraigo a la que los cinco sujetos estaban sometidos desde el pasado 05 de mayo, cuando fueron sujetos a investigaci\u00f3n por su presunta participaci\u00f3n en la privaci\u00f3n ilegal de la libertad de los denunciantes, originarios de Veracruz.<\/div>\n<div class=\"yiv478058620msonormal\" style=\"text-align: justify;\">De acuerdo con las investigaciones, Pimentel Sp\u00ednola y su empleado Mauleon Elvira se encontraban en la b\u00fasqueda de un local que pudiera servir al empresariopara establecer un negocio en esta ciudad, cuando bajo enga\u00f1os fueron conducidos por un ex empleado de la v\u00edctima a un predio del poniente de la ciudad, en donde fueron sometidos por los inculpados, quienes los mantuvieron privados de su libertad por transcurso de una semana.<\/div>\n<div class=\"yiv478058620msonormal\" style=\"text-align: justify;\">Este viernes deber\u00e1n rendir su declaraci\u00f3n preparatoria.<\/div>\n<div class=\"yiv478058620msonormal\" style=\"text-align: justify;\"><\/div>\n<div class=\"MsoNormal\" style=\"background-color: white; background-position: initial initial; background-repeat: initial initial; margin-bottom: 0.0001pt;\"><\/div>\n","protected":false},"excerpt":{"rendered":"<p>Los cinco detenidos por el secuestro de dos personas en Pensiones fueron puestos a disposici\u00f3n del Juzgado Octavo Penal. A los sujetos se les levant\u00f3 el arraigo y se dio<\/p>\n","protected":false},"author":1,"featured_media":23859,"comment_status":"open","ping_status":"open","sticky":false,"template":"","format":"standard","meta":{"jetpack_post_was_ever_published":false,"_jetpack_newsletter_access":"","_jetpack_dont_email_post_to_subs":false,"_jetpack_newsletter_tier_id":0,"_jetpack_memberships_contains_paywalled_content":false,"_jetpack_memberships_contains_paid_content":false,"footnotes":"","jetpack_publicize_message":"","jetpack_publicize_feature_enabled":true,"jetpack_social_post_already_shared":false,"jetpack_social_options":{"image_generator_settings":{"template":"highway","default_image_id":0,"font":"","enabled":false},"version":2}},"categories":[45,3,1],"tags":[],"class_list":["post-6881","post","type-post","status-publish","format-standard","has-post-thumbnail","hentry","category-delincuentes-vip","category-portada","category-sin-categoria"],"jetpack_publicize_connections":[],"jetpack_featured_media_url":"https:\/\/formalprision.com\/wp-content\/uploads\/2012\/06\/aaalos-secues.jpg","jetpack_sharing_enabled":true,"jetpack_shortlink":"https:\/\/wp.me\/p6id8p-1MZ","_links":{"self":[{"href":"https:\/\/formalprision.com\/index.php?rest_route=\/wp\/v2\/posts\/6881","targetHints":{"allow":["GET"]}}],"collection":[{"href":"https:\/\/formalprision.com\/index.php?rest_route=\/wp\/v2\/posts"}],"about":[{"href":"https:\/\/formalprision.com\/index.php?rest_route=\/wp\/v2\/types\/post"}],"author":[{"embeddable":true,"href":"https:\/\/formalprision.com\/index.php?rest_route=\/wp\/v2\/users\/1"}],"replies":[{"embeddable":true,"href":"https:\/\/formalprision.com\/index.php?rest_route=%2Fwp%2Fv2%2Fcomments&post=6881"}],"version-history":[{"count":0,"href":"https:\/\/formalprision.com\/index.php?rest_route=\/wp\/v2\/posts\/6881\/revisions"}],"wp:featuredmedia":[{"embeddable":true,"href":"https:\/\/formalprision.com\/index.php?rest_route=\/wp\/v2\/media\/23859"}],"wp:attachment":[{"href":"https:\/\/formalprision.com\/index.php?rest_route=%2Fwp%2Fv2%2Fmedia&parent=6881"}],"wp:term":[{"taxonomy":"category","embeddable":true,"href":"https:\/\/formalprision.com\/index.php?rest_route=%2Fwp%2Fv2%2Fcategories&post=6881"},{"taxonomy":"post_tag","embeddable":true,"href":"https:\/\/formalprision.com\/index.php?rest_route=%2Fwp%2Fv2%2Ftags&post=6881"}],"curies":[{"name":"wp","href":"https:\/\/api.w.org\/{rel}","templated":true}]}}