{"id":68827,"date":"2018-10-26T16:46:55","date_gmt":"2018-10-26T21:46:55","guid":{"rendered":"http:\/\/formalprision.com\/?p=68827"},"modified":"2018-10-26T16:46:55","modified_gmt":"2018-10-26T21:46:55","slug":"posicionaremos-a-yucatan-como-referente-de-la-agroindustria-sustentable-vila-dosal","status":"publish","type":"post","link":"https:\/\/formalprision.com\/?p=68827","title":{"rendered":"Posicionaremos a Yucat\u00e1n como referente de la agroindustria sustentable: Vila Dosal"},"content":{"rendered":"<p>M\u00e9rida, Yucat\u00e1n, 26 de octubre de 2018.- Yucat\u00e1n se coloca a la vanguardia en el sector agroindustrial sostenible de la regi\u00f3n, con el inicio de la construcci\u00f3n de la primera planta procesadora de hojas y semillas del \u00e1rbol de ram\u00f3n, trabajos que puso en marcha este d\u00eda el Gobernador Mauricio Vila Dosal.<\/p>\n<p>En su primera visita al Parque Cient\u00edfico y Tecnol\u00f3gico de Yucat\u00e1n (PCTY), el mandatario dio el banderazo de inicio para la edificaci\u00f3n de esta f\u00e1brica de la empresa Kishur, que tendr\u00e1 un alto impacto socioecon\u00f3mico, al adquirir el follaje de productores de los municipios de Santa Elena y Chochol\u00e1, que se dedican al cultivo de esta especie end\u00e9mica de la zona.  <\/p>\n<p>Acompa\u00f1ado de Bernardo Cisneros Buenfil, titular de la Secretar\u00eda de Investigaci\u00f3n, Innovaci\u00f3n y Educaci\u00f3n Superior (Siies), y Ram\u00f3n G\u00f3mez Ram\u00edrez, director de Kishur, Vila Dosal destac\u00f3 que este nuevo centro de procesamiento y transformaci\u00f3n de semillas y hojas de este \u00e1rbol es un importante avance para la firma y la sociedad yucateca en general, porque se generan insumos alimentarios que atiendan la sustentabilidad, en favor del medio ambiente.<\/p>\n<p>Kishur es, sin duda, un ejemplo del enorme potencial que nuestra entidad y por parte del Gobierno pretendemos impulsar. Este evento nos muestra que la riqueza de Yucat\u00e1n est\u00e1 aqu\u00ed mismo, que nuestro estado es sumamente generoso y que, desde nuestros antepasados mayas, tenemos un legado que podemos compartir con el resto del mundo y mejorar nuestra calidad de vida, asever\u00f3.<\/p>\n<p>El titular del Poder Ejecutivo a\u00f1adi\u00f3 que su administraci\u00f3n implementar\u00e1 pol\u00edticas p\u00fablicas transversales, como formaci\u00f3n de recursos humanos mediante becas para j\u00f3venes, respaldo al emprendimiento e infraestructura para el desarrollo, as\u00ed como esquemas de mejora regulatoria para el establecimiento de empresas y comercializaci\u00f3n de productos.<\/p>\n<p>Asimismo, el Gobernador remarc\u00f3 que la creaci\u00f3n de esta nave industrial es un ejemplo de la investigaci\u00f3n cient\u00edfica que, en conjunto con inversores y miembros de la comunidad, puede ser un pilar transformador en la vida diaria de los ciudadanos.<\/p>\n<p>\u201cNo se trata de ir a repartir machetes, coas y carretillas, se trata de ense\u00f1arle a la gente nuevas tecnolog\u00edas y darle los insumos, la capacitaci\u00f3n y el seguimiento que necesita para salir adelante\u201d, puntualiz\u00f3.<\/p>\n<p>En representaci\u00f3n de los productores del municipio de Chochol\u00e1, part\u00edcipe en el cultivo y recolecci\u00f3n, Juliana Coll\u00ed Cim\u00e1, reconoci\u00f3 el trabajo realizado en su demarcaci\u00f3n, la cual adem\u00e1s de representar un ingreso econ\u00f3mico para las familias que ah\u00ed habitan, preservar\u00e1 por muchos a\u00f1os m\u00e1s una fuerte costumbre que se ha heredado a trav\u00e9s de generaciones.<\/p>\n<p>Por su parte, G\u00f3mez Ram\u00edrez se\u00f1al\u00f3 que la planta procesadora, que se realiza con una inversi\u00f3n de 15 millones de pesos, contempla la ocupaci\u00f3n de dos mil 700 metros cuadrados, mil 200 metros para el \u00e1rea de procesado, oficinas administrativas y comedor, as\u00ed como mil 500 metros de secadores solares, que permitir\u00e1n la manufactura de harinas e infusiones.<\/p>\n<p>En su etapa operativa generar\u00e1 hasta 15 mil toneladas de productos, a trav\u00e9s del equipamiento de tecnolog\u00eda de punta, y ser\u00e1 distribuido tanto en M\u00e9xico como en Estados Unidos, Jap\u00f3n y Qatar, por mencionar algunas partes del mundo donde llegar\u00e1.<\/p>\n<p>Toda la infraestructura ser\u00e1 potenciada al cien por ciento con energ\u00eda solar, muestra del compromiso de Kishur con la preservaci\u00f3n del medio ambiente de la entidad.(Comunicado de Prensa)<\/p>\n","protected":false},"excerpt":{"rendered":"<p>M\u00e9rida, Yucat\u00e1n, 26 de octubre de 2018.- Yucat\u00e1n se coloca a la vanguardia en el sector agroindustrial sostenible de la regi\u00f3n, con el inicio de la construcci\u00f3n de la primera<\/p>\n","protected":false},"author":1,"featured_media":68828,"comment_status":"open","ping_status":"open","sticky":false,"template":"","format":"standard","meta":{"jetpack_post_was_ever_published":false,"_jetpack_newsletter_access":"","_jetpack_dont_email_post_to_subs":false,"_jetpack_newsletter_tier_id":0,"_jetpack_memberships_contains_paywalled_content":false,"_jetpack_memberships_contains_paid_content":false,"footnotes":"","jetpack_publicize_message":"","jetpack_publicize_feature_enabled":true,"jetpack_social_post_already_shared":true,"jetpack_social_options":{"image_generator_settings":{"template":"highway","default_image_id":0,"font":"","enabled":false},"version":2}},"categories":[17],"tags":[],"class_list":["post-68827","post","type-post","status-publish","format-standard","has-post-thumbnail","hentry","category-politica-y-gobierno"],"jetpack_publicize_connections":[],"jetpack_featured_media_url":"https:\/\/formalprision.com\/wp-content\/uploads\/2018\/10\/IMG_2073-e1540590364888.jpg","jetpack_sharing_enabled":true,"jetpack_shortlink":"https:\/\/wp.me\/p6id8p-hU7","_links":{"self":[{"href":"https:\/\/formalprision.com\/index.php?rest_route=\/wp\/v2\/posts\/68827","targetHints":{"allow":["GET"]}}],"collection":[{"href":"https:\/\/formalprision.com\/index.php?rest_route=\/wp\/v2\/posts"}],"about":[{"href":"https:\/\/formalprision.com\/index.php?rest_route=\/wp\/v2\/types\/post"}],"author":[{"embeddable":true,"href":"https:\/\/formalprision.com\/index.php?rest_route=\/wp\/v2\/users\/1"}],"replies":[{"embeddable":true,"href":"https:\/\/formalprision.com\/index.php?rest_route=%2Fwp%2Fv2%2Fcomments&post=68827"}],"version-history":[{"count":0,"href":"https:\/\/formalprision.com\/index.php?rest_route=\/wp\/v2\/posts\/68827\/revisions"}],"wp:featuredmedia":[{"embeddable":true,"href":"https:\/\/formalprision.com\/index.php?rest_route=\/wp\/v2\/media\/68828"}],"wp:attachment":[{"href":"https:\/\/formalprision.com\/index.php?rest_route=%2Fwp%2Fv2%2Fmedia&parent=68827"}],"wp:term":[{"taxonomy":"category","embeddable":true,"href":"https:\/\/formalprision.com\/index.php?rest_route=%2Fwp%2Fv2%2Fcategories&post=68827"},{"taxonomy":"post_tag","embeddable":true,"href":"https:\/\/formalprision.com\/index.php?rest_route=%2Fwp%2Fv2%2Ftags&post=68827"}],"curies":[{"name":"wp","href":"https:\/\/api.w.org\/{rel}","templated":true}]}}