{"id":6883,"date":"2012-05-31T21:30:00","date_gmt":"2012-05-31T21:30:00","guid":{"rendered":"http:\/\/formalprision.info\/2012\/05\/31\/detenidos-por-machetear-en-la-cabeza-su\/"},"modified":"2015-06-03T08:51:57","modified_gmt":"2015-06-03T08:51:57","slug":"detenidos-por-machetear-en-la-cabeza-su","status":"publish","type":"post","link":"https:\/\/formalprision.com\/?p=6883","title":{"rendered":"Detenidos por machetear en la cabeza a su rival de banda"},"content":{"rendered":"<p><\/p>\n<div class=\"separator\" style=\"clear: both; text-align: center;\"><a href=\"http:\/\/3.bp.blogspot.com\/-9RGaG2NTqgY\/T8e_wmxru8I\/AAAAAAAAHBc\/SOQrE26Bybs\/s1600\/aaapondileors.jpg\" imageanchor=\"1\" style=\"margin-left: 1em; margin-right: 1em;\"><img loading=\"lazy\" decoding=\"async\" border=\"0\" height=\"320\" src=\"http:\/\/formalprision.com\/wp-content\/uploads\/2012\/05\/aaapondileors.jpg\" width=\"291\" \/><\/a><\/div>\n<div class=\"MsoNormal\" style=\"background-color: white; background-position: initial initial; background-repeat: initial initial; margin-bottom: 0.0001pt;\">Los problemas de pandillerismo en el sur de M\u00e9rida parece no tener fin y como muestra est\u00e1 la violenta agresi\u00f3n que dos v\u00e1ndalos le propinaron a un rival de banda en la colonia San Jos\u00e9 tecoh.<\/div>\n<div class=\"MsoNormal\" style=\"background-color: white; background-position: initial initial; background-repeat: initial initial; margin-bottom: 0.0001pt;\">El saldo del ataque fue de dos agresores detenidos y un herido grave en el hospital, pues fue atacado con un machete.<\/div>\n<div class=\"MsoNormal\" style=\"background-color: white; background-position: initial initial; background-repeat: initial initial; margin-bottom: 0.0001pt;\">Los detenidos son Francisco Javier Paredes D\u00edaz y Jhonatan Alberto Cruz Espadas, capturados por agentes de la Secretar\u00eda de seguridad P\u00fablica.<\/div>\n<div class=\"MsoNormal\" style=\"background-color: white; background-position: initial initial; background-repeat: initial initial; margin-bottom: 0.0001pt;\">Seg\u00fan el reporte polic\u00edaco, Jaime Ariel Canch\u00e9 Cetz pasaba en su bicicleta a las 10 de la noche sobre la calle 163 entre 58 y 60 de la colonia San Jos\u00e9 Tecoh II.<\/div>\n<div class=\"MsoNormal\" style=\"background-color: white; background-position: initial initial; background-repeat: initial initial; margin-bottom: 0.0001pt;\">Al reconocerlo como miembro de la banda contraria, los dos sujetos le arrojaron piedras hasta hacerlo caer al suelo.<\/div>\n<div class=\"MsoNormal\" style=\"background-color: white; background-position: initial initial; background-repeat: initial initial; margin-bottom: 0.0001pt;\">Luego, lo agreden con pies y manos y uno de ellos le da varios tajos con un machete en la cabeza, brazos y otras partes del cuerpo.<\/div>\n<div class=\"MsoNormal\" style=\"background-color: white; background-position: initial initial; background-repeat: initial initial; margin-bottom: 0.0001pt;\">Por el sitio pasaba, Aldo Canch\u00e9 Cetz, quien quiso defender al agredido, pero tambi\u00e9n fue apedreado.<\/div>\n<div class=\"MsoNormal\" style=\"background-color: white; background-position: initial initial; background-repeat: initial initial; margin-bottom: 0.0001pt;\">Los vecinos pidieron ayuda a la polic\u00eda y hasta el lugar llegaron varios agentes, que detuvieron &nbsp;a los agresivos delincuentes.<\/div>\n<div class=\"MsoNormal\" style=\"background-color: white; background-position: initial initial; background-repeat: initial initial; margin-bottom: 0.0001pt;\">El herido fue llevado a un hospital y los detenidos remitidos al Ministerio P\u00fablico. (Acom)<\/div>\n<div class=\"MsoNormal\" style=\"background-color: white; background-position: initial initial; background-repeat: initial initial; margin-bottom: 7.65pt;\"><\/div>\n<div class=\"MsoNormal\"><\/div>\n<div class=\"MsoNormal\"><\/div>\n","protected":false},"excerpt":{"rendered":"<p>Los problemas de pandillerismo en el sur de M\u00e9rida parece no tener fin y como muestra est\u00e1 la violenta agresi\u00f3n que dos v\u00e1ndalos le propinaron a un rival de banda<\/p>\n","protected":false},"author":1,"featured_media":23863,"comment_status":"open","ping_status":"open","sticky":false,"template":"","format":"standard","meta":{"jetpack_post_was_ever_published":false,"_jetpack_newsletter_access":"","_jetpack_dont_email_post_to_subs":false,"_jetpack_newsletter_tier_id":0,"_jetpack_memberships_contains_paywalled_content":false,"_jetpack_memberships_contains_paid_content":false,"footnotes":"","jetpack_publicize_message":"","jetpack_publicize_feature_enabled":true,"jetpack_social_post_already_shared":false,"jetpack_social_options":{"image_generator_settings":{"template":"highway","default_image_id":0,"font":"","enabled":false},"version":2}},"categories":[50,3,1,53],"tags":[],"class_list":["post-6883","post","type-post","status-publish","format-standard","has-post-thumbnail","hentry","category-machines","category-portada","category-sin-categoria","category-yo-no-fui"],"jetpack_publicize_connections":[],"jetpack_featured_media_url":"https:\/\/formalprision.com\/wp-content\/uploads\/2012\/05\/aaapondileors.jpg","jetpack_sharing_enabled":true,"jetpack_shortlink":"https:\/\/wp.me\/p6id8p-1N1","_links":{"self":[{"href":"https:\/\/formalprision.com\/index.php?rest_route=\/wp\/v2\/posts\/6883","targetHints":{"allow":["GET"]}}],"collection":[{"href":"https:\/\/formalprision.com\/index.php?rest_route=\/wp\/v2\/posts"}],"about":[{"href":"https:\/\/formalprision.com\/index.php?rest_route=\/wp\/v2\/types\/post"}],"author":[{"embeddable":true,"href":"https:\/\/formalprision.com\/index.php?rest_route=\/wp\/v2\/users\/1"}],"replies":[{"embeddable":true,"href":"https:\/\/formalprision.com\/index.php?rest_route=%2Fwp%2Fv2%2Fcomments&post=6883"}],"version-history":[{"count":0,"href":"https:\/\/formalprision.com\/index.php?rest_route=\/wp\/v2\/posts\/6883\/revisions"}],"wp:featuredmedia":[{"embeddable":true,"href":"https:\/\/formalprision.com\/index.php?rest_route=\/wp\/v2\/media\/23863"}],"wp:attachment":[{"href":"https:\/\/formalprision.com\/index.php?rest_route=%2Fwp%2Fv2%2Fmedia&parent=6883"}],"wp:term":[{"taxonomy":"category","embeddable":true,"href":"https:\/\/formalprision.com\/index.php?rest_route=%2Fwp%2Fv2%2Fcategories&post=6883"},{"taxonomy":"post_tag","embeddable":true,"href":"https:\/\/formalprision.com\/index.php?rest_route=%2Fwp%2Fv2%2Ftags&post=6883"}],"curies":[{"name":"wp","href":"https:\/\/api.w.org\/{rel}","templated":true}]}}