{"id":6884,"date":"2012-05-31T18:04:00","date_gmt":"2012-05-31T18:04:00","guid":{"rendered":"http:\/\/formalprision.info\/2012\/05\/31\/camion-repartidor-de-gas-voltea-un\/"},"modified":"2015-06-03T08:51:57","modified_gmt":"2015-06-03T08:51:57","slug":"camion-repartidor-de-gas-voltea-un","status":"publish","type":"post","link":"https:\/\/formalprision.com\/?p=6884","title":{"rendered":"Cami\u00f3n repartidor de gas voltea un veh\u00edculo particular en Pensiones"},"content":{"rendered":"<p><\/p>\n<div class=\"separator\" style=\"clear: both; text-align: center;\"><a href=\"http:\/\/2.bp.blogspot.com\/-kD9x6pMCthE\/T8eyWT6brwI\/AAAAAAAAHBQ\/WCcK6I8pIE0\/s1600\/aaasanderos.jpg\" imageanchor=\"1\" style=\"margin-left: 1em; margin-right: 1em;\"><img loading=\"lazy\" decoding=\"async\" border=\"0\" height=\"240\" src=\"http:\/\/formalprision.com\/wp-content\/uploads\/2012\/05\/aaasanderos.jpg\" width=\"320\" \/><\/a><\/div>\n<div class=\"MsoNormal\">La Secretar\u00eda de Seguridad P\u00fablica tom\u00f3 conocimiento de la volcadura de un veh\u00edculo en la Avenida M\u00e9rida 2000.<\/div>\n<div class=\"MsoNormal\">Hubo movilizaci\u00f3n porque el otro veh\u00edculo accidentado era un cami\u00f3n repartidor de gas.<\/div>\n<div class=\"MsoNormal\">Los hechos ocurrieron cuando Franco Zozaya May conduc\u00eda su veh\u00edculo Renault Sandero &nbsp;placas&nbsp; Wfh-7838 y al llegar a la calle 13 de Pensiones, fue colisionado por la camioneta de carga de gas de la empresa Zeta matr\u00edcula <br \/>YP_77097, conducida por Enrique Segovia.<\/div>\n<div class=\"MsoNormal\">El gasero invadi\u00f3 el carril de circulaci\u00f3n y propici\u00f3 el percance.<\/div>\n<div class=\"MsoNormal\">Por el impacto, el Sandero se volc\u00f3. Aunque su guiador solo sufri\u00f3 un susto y golpes leves.<\/div>\n<div class=\"MsoNormal\">Al sitio llegaron bomberos y param\u00e9dicos en prevenci\u00f3n de alguna consecuencia mayor.<\/div>\n","protected":false},"excerpt":{"rendered":"<p>La Secretar\u00eda de Seguridad P\u00fablica tom\u00f3 conocimiento de la volcadura de un veh\u00edculo en la Avenida M\u00e9rida 2000. Hubo movilizaci\u00f3n porque el otro veh\u00edculo accidentado era un cami\u00f3n repartidor de<\/p>\n","protected":false},"author":1,"featured_media":23865,"comment_status":"open","ping_status":"open","sticky":false,"template":"","format":"standard","meta":{"jetpack_post_was_ever_published":false,"_jetpack_newsletter_access":"","_jetpack_dont_email_post_to_subs":false,"_jetpack_newsletter_tier_id":0,"_jetpack_memberships_contains_paywalled_content":false,"_jetpack_memberships_contains_paid_content":false,"footnotes":"","jetpack_publicize_message":"","jetpack_publicize_feature_enabled":true,"jetpack_social_post_already_shared":false,"jetpack_social_options":{"image_generator_settings":{"template":"highway","default_image_id":0,"font":"","enabled":false},"version":2}},"categories":[60,3,1],"tags":[],"class_list":["post-6884","post","type-post","status-publish","format-standard","has-post-thumbnail","hentry","category-cafres","category-portada","category-sin-categoria"],"jetpack_publicize_connections":[],"jetpack_featured_media_url":"https:\/\/formalprision.com\/wp-content\/uploads\/2012\/05\/aaasanderos.jpg","jetpack_sharing_enabled":true,"jetpack_shortlink":"https:\/\/wp.me\/p6id8p-1N2","_links":{"self":[{"href":"https:\/\/formalprision.com\/index.php?rest_route=\/wp\/v2\/posts\/6884","targetHints":{"allow":["GET"]}}],"collection":[{"href":"https:\/\/formalprision.com\/index.php?rest_route=\/wp\/v2\/posts"}],"about":[{"href":"https:\/\/formalprision.com\/index.php?rest_route=\/wp\/v2\/types\/post"}],"author":[{"embeddable":true,"href":"https:\/\/formalprision.com\/index.php?rest_route=\/wp\/v2\/users\/1"}],"replies":[{"embeddable":true,"href":"https:\/\/formalprision.com\/index.php?rest_route=%2Fwp%2Fv2%2Fcomments&post=6884"}],"version-history":[{"count":0,"href":"https:\/\/formalprision.com\/index.php?rest_route=\/wp\/v2\/posts\/6884\/revisions"}],"wp:featuredmedia":[{"embeddable":true,"href":"https:\/\/formalprision.com\/index.php?rest_route=\/wp\/v2\/media\/23865"}],"wp:attachment":[{"href":"https:\/\/formalprision.com\/index.php?rest_route=%2Fwp%2Fv2%2Fmedia&parent=6884"}],"wp:term":[{"taxonomy":"category","embeddable":true,"href":"https:\/\/formalprision.com\/index.php?rest_route=%2Fwp%2Fv2%2Fcategories&post=6884"},{"taxonomy":"post_tag","embeddable":true,"href":"https:\/\/formalprision.com\/index.php?rest_route=%2Fwp%2Fv2%2Ftags&post=6884"}],"curies":[{"name":"wp","href":"https:\/\/api.w.org\/{rel}","templated":true}]}}