{"id":6886,"date":"2012-05-30T23:40:00","date_gmt":"2012-05-30T23:40:00","guid":{"rendered":"http:\/\/formalprision.info\/2012\/05\/30\/fan-de-selena-gomez-encarcela-su-papa\/"},"modified":"2015-06-03T08:51:58","modified_gmt":"2015-06-03T08:51:58","slug":"fan-de-selena-gomez-encarcela-su-papa","status":"publish","type":"post","link":"https:\/\/formalprision.com\/?p=6886","title":{"rendered":"Fan de Selena G\u00f3mez encarcela a su pap\u00e1 por acariciarle las piernas"},"content":{"rendered":"<div class=\"separator\" style=\"clear: both; text-align: center;\"><a href=\"http:\/\/1.bp.blogspot.com\/-fg7xZmG36v0\/T8apva1MXcI\/AAAAAAAAHAs\/JC6Q3B0W_nk\/s1600\/aasekebaginez.jpg\" imageanchor=\"1\" style=\"margin-left: 1em; margin-right: 1em;\"><img loading=\"lazy\" decoding=\"async\" border=\"0\" height=\"274\" src=\"http:\/\/formalprision.com\/wp-content\/uploads\/2012\/05\/aasekebaginez.jpg\" width=\"320\" \/><\/a><\/div>\n<p>Jos\u00e9 Alfredo Cort\u00e9s Eb fue detenido porque presuntamente acarici\u00f3 en forma obscena a su hija adolescente.<\/p>\n<div class=\"MsoNormal\" style=\"background-color: white; background-position: initial initial; background-repeat: initial initial; margin-bottom: 0.0001pt;\">El sujeto fue detenido por agentes polic\u00edacos, acompa\u00f1ados por integrantes del grupo scout al que pertenece la adolescente afectada.<\/div>\n<div class=\"MsoNormal\" style=\"background-color: white; background-position: initial initial; background-repeat: initial initial; margin-bottom: 0.0001pt;\">Hoy, el acusado compareci\u00f3 ante el Juzgado Cuarto Penal, donde neg\u00f3 los hechos y dijo que su hija es caprichosa e invent\u00f3 todo porque la rega\u00f1\u00f3 por haber rentado una pel\u00edcula de Selena G\u00f3mez.<\/div>\n<div class=\"MsoNormal\" style=\"background-color: white; background-position: initial initial; background-repeat: initial initial; margin-bottom: 0.0001pt;\">El est\u00e1 acusado de abuso sexual por su hija J.M.C.C., de 13 a\u00f1os.<\/div>\n<div class=\"MsoNormal\" style=\"background-color: white; background-position: initial initial; background-repeat: initial initial; margin-bottom: 0.0001pt;\">En la denuncia, la jovencita dijo que estaba viendo televisi\u00f3n en una hamaca en Tixcacal-Opiech\u00e9n y su pap\u00e1, que &nbsp;se hallaba acostado en el suelo, comenz\u00f3 a tocarle &nbsp;las piernas y el cuello de forma obscena.<\/div>\n<div class=\"MsoNormal\" style=\"background-color: white; background-position: initial initial; background-repeat: initial initial; margin-bottom: 0.0001pt;\">Ella le reclam\u00f3 y se fue a esconder al ba\u00f1o, donde el sujeto la sigui\u00f3 y amenaz\u00f3 con derribar la puerta.<\/div>\n<div class=\"MsoNormal\" style=\"background-color: white; background-position: initial initial; background-repeat: initial initial; margin-bottom: 0.0001pt;\">Cuando su padre se calm\u00f3, ella sali\u00f3 a la calle y pidi\u00f3 ayuda a un grupo de scouts, que a su vez dio parte a la SSP y entre todos detuvieron al acusado.<\/div>\n<div class=\"MsoNormal\" style=\"background-color: white; background-position: initial initial; background-repeat: initial initial; margin-bottom: 0.0001pt;\">En su declaraci\u00f3n, el detenido dijo que su hija es caprichosa y que ese d\u00eda la mand\u00f3 a rentar dos pel\u00edculas piratas: la de Avengers y una que ella escogiera.<\/div>\n<div class=\"MsoNormal\" style=\"background-color: white; background-position: initial initial; background-repeat: initial initial; margin-bottom: 0.0001pt;\">Sin embargo, la menor &nbsp;rent\u00f3 dos pel\u00edculas para adolescentes, entre ellas una de su \u00eddolo &nbsp;\u201cSelena G\u00f3mez\u201d.<\/div>\n<div class=\"MsoNormal\" style=\"background-color: white; background-position: initial initial; background-repeat: initial initial; margin-bottom: 0.0001pt;\">El le reclam\u00f3 y ella, molesta anteriormente &nbsp;porque no le dio permiso para ir con sus amigos, invent\u00f3 lo del abuso.<\/div>\n<div class=\"MsoNormal\" style=\"background-color: white; background-position: initial initial; background-repeat: initial initial; margin-bottom: 0.0001pt;\">La adolescente le otorg\u00f3 el perd\u00f3n a su padre a cambio de $4000 y de la promesa de que \u00e9l se marche de la casa. (Acom)<\/div>\n<div class=\"MsoNormal\" style=\"background-color: white; background-position: initial initial; background-repeat: initial initial; margin-bottom: 0.0001pt;\"><\/div>\n","protected":false},"excerpt":{"rendered":"<p>Jos\u00e9 Alfredo Cort\u00e9s Eb fue detenido porque presuntamente acarici\u00f3 en forma obscena a su hija adolescente. El sujeto fue detenido por agentes polic\u00edacos, acompa\u00f1ados por integrantes del grupo scout al<\/p>\n","protected":false},"author":1,"featured_media":23869,"comment_status":"open","ping_status":"open","sticky":false,"template":"","format":"standard","meta":{"jetpack_post_was_ever_published":false,"_jetpack_newsletter_access":"","_jetpack_dont_email_post_to_subs":false,"_jetpack_newsletter_tier_id":0,"_jetpack_memberships_contains_paywalled_content":false,"_jetpack_memberships_contains_paid_content":false,"footnotes":"","jetpack_publicize_message":"","jetpack_publicize_feature_enabled":true,"jetpack_social_post_already_shared":false,"jetpack_social_options":{"image_generator_settings":{"template":"highway","default_image_id":0,"font":"","enabled":false},"version":2}},"categories":[3,1,55,53],"tags":[],"class_list":["post-6886","post","type-post","status-publish","format-standard","has-post-thumbnail","hentry","category-portada","category-sin-categoria","category-violines","category-yo-no-fui"],"jetpack_publicize_connections":[],"jetpack_featured_media_url":"https:\/\/formalprision.com\/wp-content\/uploads\/2012\/05\/aasekebaginez.jpg","jetpack_sharing_enabled":true,"jetpack_shortlink":"https:\/\/wp.me\/p6id8p-1N4","_links":{"self":[{"href":"https:\/\/formalprision.com\/index.php?rest_route=\/wp\/v2\/posts\/6886","targetHints":{"allow":["GET"]}}],"collection":[{"href":"https:\/\/formalprision.com\/index.php?rest_route=\/wp\/v2\/posts"}],"about":[{"href":"https:\/\/formalprision.com\/index.php?rest_route=\/wp\/v2\/types\/post"}],"author":[{"embeddable":true,"href":"https:\/\/formalprision.com\/index.php?rest_route=\/wp\/v2\/users\/1"}],"replies":[{"embeddable":true,"href":"https:\/\/formalprision.com\/index.php?rest_route=%2Fwp%2Fv2%2Fcomments&post=6886"}],"version-history":[{"count":0,"href":"https:\/\/formalprision.com\/index.php?rest_route=\/wp\/v2\/posts\/6886\/revisions"}],"wp:featuredmedia":[{"embeddable":true,"href":"https:\/\/formalprision.com\/index.php?rest_route=\/wp\/v2\/media\/23869"}],"wp:attachment":[{"href":"https:\/\/formalprision.com\/index.php?rest_route=%2Fwp%2Fv2%2Fmedia&parent=6886"}],"wp:term":[{"taxonomy":"category","embeddable":true,"href":"https:\/\/formalprision.com\/index.php?rest_route=%2Fwp%2Fv2%2Fcategories&post=6886"},{"taxonomy":"post_tag","embeddable":true,"href":"https:\/\/formalprision.com\/index.php?rest_route=%2Fwp%2Fv2%2Ftags&post=6886"}],"curies":[{"name":"wp","href":"https:\/\/api.w.org\/{rel}","templated":true}]}}