{"id":6887,"date":"2012-05-30T21:00:00","date_gmt":"2012-05-30T21:00:00","guid":{"rendered":"http:\/\/formalprision.info\/2012\/05\/30\/solicitan-amparo-los-homicidas-de\/"},"modified":"2015-06-03T08:51:58","modified_gmt":"2015-06-03T08:51:58","slug":"solicitan-amparo-los-homicidas-de","status":"publish","type":"post","link":"https:\/\/formalprision.com\/?p=6887","title":{"rendered":"Solicitan amparo los homicidas del gringo"},"content":{"rendered":"<p><\/p>\n<div class=\"separator\" style=\"clear: both; text-align: center;\"><a href=\"http:\/\/2.bp.blogspot.com\/-UryZx4HPfLs\/T8Z6J9G9tKI\/AAAAAAAAHAU\/chhwFCT1y9w\/s1600\/aaacoronoenl.JPG\" imageanchor=\"1\" style=\"margin-left: 1em; margin-right: 1em;\"><img loading=\"lazy\" decoding=\"async\" border=\"0\" height=\"240\" src=\"http:\/\/formalprision.com\/wp-content\/uploads\/2012\/05\/aaacoronoenl.jpg\" width=\"320\" \/><\/a><\/div>\n<div class=\"MsoNormal\" style=\"background-color: white; background-position: initial initial; background-repeat: initial initial; margin-bottom: 0.0001pt;\">A fin de hacer frente legalmente a la acusaci\u00f3n que pesa en su contra, los implicados en el crimen de estadounidense Leo Robert Wicard solicitaron amparo de la justicia federal.<\/div>\n<div class=\"MsoNormal\" style=\"background-color: white; background-position: initial initial; background-repeat: initial initial; margin-bottom: 0.0001pt;\">Con esto, los cuatro sujetos buscan que se decrete como ilegal el arraigo y que la Fiscal\u00eda los acuse de encubrimiento y no del crimen, aprovechando que hay un quinto sujeto pr\u00f3fugo.<\/div>\n<div class=\"MsoNormal\" style=\"background: white;\">Aunque hay evidencias que los incriminan, al menos uno de los amparos cay\u00f3 en Juzgado Federal cuya titular aplica un criterio legal que ha permitido a acusados de homicidio recuperar su libertad recientemente.<\/div>\n<div class=\"MsoNormal\" style=\"background: white;\">Este amparo fue tramitado por Jacinta M\u00e9ndez Caballero, madre de <\/div>\n<div class=\"MsoNormal\" style=\"background: white;\">David Wilfrido P\u00e9rez Mor\u00e1n, aunque s\u00f3lo lo tramit\u00f3 por &nbsp;incomunicaci\u00f3n y malos tratos, pero se espera que recurra a otro juicio por el arraigo.<\/div>\n<div class=\"MsoNormal\" style=\"background-color: white; background-position: initial initial; background-repeat: initial initial; margin-bottom: 0.0001pt;\">&nbsp;La Juez Cuarto de Distrito, Mirza Estela Be Herrera, que atiende uno de los amparos, difiere del criterio de los jueces penales que decretan &nbsp;arraigos por cualquier delito, ya que de acuerdo al Nuevo Sistema de Justicia que se aplica en parte de la entidad &nbsp;s\u00f3lo debe de recurrirse al arraigo contra acusados de delincuencia organizada y no en el de homicidio calificado, que se imputa a los cuatro detenidos.<\/div>\n<div class=\"MsoNormal\" style=\"background-color: white; background-position: initial initial; background-repeat: initial initial; margin-bottom: 0.0001pt;\">Los arraigados por el crimen del estadounidense son el veracruzano Mart\u00edn Alejandro G\u00f3mez G\u00f3mez; &nbsp;P\u00e9rez Mor\u00e1n, el michoacano Gianni Lorenzo Matos Montalvo (a) \u201cEnzo\u201d y el yucateco Edwar Jes\u00fas Gamboa Salas.<\/div>\n<div class=\"MsoNormal\" style=\"background-color: white; background-position: initial initial; background-repeat: initial initial; margin-bottom: 0.0001pt;\">El cuerpo del estadounidense fue <\/div>\n<div class=\"MsoNormal\" style=\"background-color: white; background-position: initial initial; background-repeat: initial initial; margin-bottom: 0.0001pt;\">hallado semienterrado en el jard\u00edn de su casa, n\u00famero 543 A de la calle 78 entre 73 y 75, de San Sebasti\u00e1n. (Acom)<\/div>\n<div class=\"MsoNormal\" style=\"background-color: white; background-position: initial initial; background-repeat: initial initial; margin-bottom: 0.0001pt;\"><\/div>\n","protected":false},"excerpt":{"rendered":"<p>A fin de hacer frente legalmente a la acusaci\u00f3n que pesa en su contra, los implicados en el crimen de estadounidense Leo Robert Wicard solicitaron amparo de la justicia federal.<\/p>\n","protected":false},"author":1,"featured_media":23871,"comment_status":"open","ping_status":"open","sticky":false,"template":"","format":"standard","meta":{"jetpack_post_was_ever_published":false,"_jetpack_newsletter_access":"","_jetpack_dont_email_post_to_subs":false,"_jetpack_newsletter_tier_id":0,"_jetpack_memberships_contains_paywalled_content":false,"_jetpack_memberships_contains_paid_content":false,"footnotes":"","jetpack_publicize_message":"","jetpack_publicize_feature_enabled":true,"jetpack_social_post_already_shared":false,"jetpack_social_options":{"image_generator_settings":{"template":"highway","default_image_id":0,"font":"","enabled":false},"version":2}},"categories":[3,1],"tags":[],"class_list":["post-6887","post","type-post","status-publish","format-standard","has-post-thumbnail","hentry","category-portada","category-sin-categoria"],"jetpack_publicize_connections":[],"jetpack_featured_media_url":"https:\/\/formalprision.com\/wp-content\/uploads\/2012\/05\/aaacoronoenl.jpg","jetpack_sharing_enabled":true,"jetpack_shortlink":"https:\/\/wp.me\/p6id8p-1N5","_links":{"self":[{"href":"https:\/\/formalprision.com\/index.php?rest_route=\/wp\/v2\/posts\/6887","targetHints":{"allow":["GET"]}}],"collection":[{"href":"https:\/\/formalprision.com\/index.php?rest_route=\/wp\/v2\/posts"}],"about":[{"href":"https:\/\/formalprision.com\/index.php?rest_route=\/wp\/v2\/types\/post"}],"author":[{"embeddable":true,"href":"https:\/\/formalprision.com\/index.php?rest_route=\/wp\/v2\/users\/1"}],"replies":[{"embeddable":true,"href":"https:\/\/formalprision.com\/index.php?rest_route=%2Fwp%2Fv2%2Fcomments&post=6887"}],"version-history":[{"count":0,"href":"https:\/\/formalprision.com\/index.php?rest_route=\/wp\/v2\/posts\/6887\/revisions"}],"wp:featuredmedia":[{"embeddable":true,"href":"https:\/\/formalprision.com\/index.php?rest_route=\/wp\/v2\/media\/23871"}],"wp:attachment":[{"href":"https:\/\/formalprision.com\/index.php?rest_route=%2Fwp%2Fv2%2Fmedia&parent=6887"}],"wp:term":[{"taxonomy":"category","embeddable":true,"href":"https:\/\/formalprision.com\/index.php?rest_route=%2Fwp%2Fv2%2Fcategories&post=6887"},{"taxonomy":"post_tag","embeddable":true,"href":"https:\/\/formalprision.com\/index.php?rest_route=%2Fwp%2Fv2%2Ftags&post=6887"}],"curies":[{"name":"wp","href":"https:\/\/api.w.org\/{rel}","templated":true}]}}