{"id":6890,"date":"2012-05-30T18:44:00","date_gmt":"2012-05-30T18:44:00","guid":{"rendered":"http:\/\/formalprision.info\/2012\/05\/30\/le-cae-del-cielo-un-remolque-y-muere-un\/"},"modified":"2015-06-03T08:51:59","modified_gmt":"2015-06-03T08:51:59","slug":"le-cae-del-cielo-un-remolque-y-muere-un","status":"publish","type":"post","link":"https:\/\/formalprision.com\/?p=6890","title":{"rendered":"Le cae del cielo un remolque y muere un ciclista en el Perif\u00e9rico"},"content":{"rendered":"<p><\/p>\n<div class=\"separator\" style=\"clear: both; text-align: center;\"><a href=\"http:\/\/4.bp.blogspot.com\/-FN6efDdLZKI\/T8ZpyWIzEuI\/AAAAAAAAHAA\/Fg_6bembS5s\/s1600\/aaamuereciclista.jpg\" imageanchor=\"1\" style=\"margin-left: 1em; margin-right: 1em;\"><img loading=\"lazy\" decoding=\"async\" border=\"0\" height=\"240\" src=\"http:\/\/formalprision.com\/wp-content\/uploads\/2012\/05\/aaamuereciclista.jpg\" width=\"320\" \/><\/a><\/div>\n<div class=\"MsoNormal\">El Anillo Perif\u00e9rico cobr\u00f3 su segunda v\u00edctima mortal en menos de 24 horas, luego de que esta ma\u00f1ana un ciclista falleciera luego de que un tr\u00e1iler de Bachoco se le desprendiera un remolque y \u00e9ste cayera sobre el infortunado conductor de la bicicleta.<\/div>\n<div class=\"MsoNormal\">El tr\u00e1iler circulaba de sur a norte sobre el anillo exterior del Perif\u00e9rico y al bajar el puente de la calle 50, se le desprendi\u00f3 el remolque y \u00e9ste vol\u00f3 por los aires hasta caerle encima al ciclista, quien muri\u00f3 instant\u00e1neamente,<\/div>\n<div class=\"MsoNormal\">&nbsp;Santos Chan L\u00f3pez, conductor <\/div>\n<div class=\"MsoNormal\">del tr\u00e1iler placas 1YS2021 &nbsp;se dirig\u00eda a un taller mec\u00e1nico.<\/div>\n<div class=\"MsoNormal\">Hasta el momento, el &nbsp;ciclista no ha sido identificado.<br \/>Al lugar llegaron polic\u00edas de la SSP y peritos en criminal\u00edstica de la Fiscal\u00eda.<\/div>\n<div class=\"MsoNormal\">El chofer fue detenido.<\/div>\n<p>Ayer por la tarde, ocurri\u00f3 otro percance mortal en el Perif\u00e9rico, en uno de los accesos a la colonia Mulchech\u00e9n, cuando un peat\u00f3n fue atropellado<\/p>\n","protected":false},"excerpt":{"rendered":"<p>El Anillo Perif\u00e9rico cobr\u00f3 su segunda v\u00edctima mortal en menos de 24 horas, luego de que esta ma\u00f1ana un ciclista falleciera luego de que un tr\u00e1iler de Bachoco se le<\/p>\n","protected":false},"author":1,"featured_media":23877,"comment_status":"open","ping_status":"open","sticky":false,"template":"","format":"standard","meta":{"jetpack_post_was_ever_published":false,"_jetpack_newsletter_access":"","_jetpack_dont_email_post_to_subs":false,"_jetpack_newsletter_tier_id":0,"_jetpack_memberships_contains_paywalled_content":false,"_jetpack_memberships_contains_paid_content":false,"footnotes":"","jetpack_publicize_message":"","jetpack_publicize_feature_enabled":true,"jetpack_social_post_already_shared":false,"jetpack_social_options":{"image_generator_settings":{"template":"highway","default_image_id":0,"font":"","enabled":false},"version":2}},"categories":[44,3,1],"tags":[],"class_list":["post-6890","post","type-post","status-publish","format-standard","has-post-thumbnail","hentry","category-morgue","category-portada","category-sin-categoria"],"jetpack_publicize_connections":[],"jetpack_featured_media_url":"https:\/\/formalprision.com\/wp-content\/uploads\/2012\/05\/aaamuereciclista.jpg","jetpack_sharing_enabled":true,"jetpack_shortlink":"https:\/\/wp.me\/p6id8p-1N8","_links":{"self":[{"href":"https:\/\/formalprision.com\/index.php?rest_route=\/wp\/v2\/posts\/6890","targetHints":{"allow":["GET"]}}],"collection":[{"href":"https:\/\/formalprision.com\/index.php?rest_route=\/wp\/v2\/posts"}],"about":[{"href":"https:\/\/formalprision.com\/index.php?rest_route=\/wp\/v2\/types\/post"}],"author":[{"embeddable":true,"href":"https:\/\/formalprision.com\/index.php?rest_route=\/wp\/v2\/users\/1"}],"replies":[{"embeddable":true,"href":"https:\/\/formalprision.com\/index.php?rest_route=%2Fwp%2Fv2%2Fcomments&post=6890"}],"version-history":[{"count":0,"href":"https:\/\/formalprision.com\/index.php?rest_route=\/wp\/v2\/posts\/6890\/revisions"}],"wp:featuredmedia":[{"embeddable":true,"href":"https:\/\/formalprision.com\/index.php?rest_route=\/wp\/v2\/media\/23877"}],"wp:attachment":[{"href":"https:\/\/formalprision.com\/index.php?rest_route=%2Fwp%2Fv2%2Fmedia&parent=6890"}],"wp:term":[{"taxonomy":"category","embeddable":true,"href":"https:\/\/formalprision.com\/index.php?rest_route=%2Fwp%2Fv2%2Fcategories&post=6890"},{"taxonomy":"post_tag","embeddable":true,"href":"https:\/\/formalprision.com\/index.php?rest_route=%2Fwp%2Fv2%2Ftags&post=6890"}],"curies":[{"name":"wp","href":"https:\/\/api.w.org\/{rel}","templated":true}]}}