{"id":6892,"date":"2012-05-30T13:45:00","date_gmt":"2012-05-30T13:45:00","guid":{"rendered":"http:\/\/formalprision.info\/2012\/05\/30\/obrero-de-hule-sobrevive-caida-de-ocho\/"},"modified":"2015-06-03T08:51:59","modified_gmt":"2015-06-03T08:51:59","slug":"obrero-de-hule-sobrevive-caida-de-ocho","status":"publish","type":"post","link":"https:\/\/formalprision.com\/?p=6892","title":{"rendered":"Obrero de hule: sobrevive a ca\u00edda de ocho metros de altura"},"content":{"rendered":"<p><\/p>\n<div class=\"separator\" style=\"clear: both; text-align: center;\"><a href=\"http:\/\/2.bp.blogspot.com\/-E2etH0PGBfQ\/T8WzR_hIFiI\/AAAAAAAAG_o\/AvOZvLyE0wI\/s1600\/aaaabdanui+s.jpg\" imageanchor=\"1\" style=\"margin-left: 1em; margin-right: 1em;\"><img loading=\"lazy\" decoding=\"async\" border=\"0\" height=\"212\" src=\"http:\/\/formalprision.com\/wp-content\/uploads\/2012\/05\/aaaabdanui-s.jpg\" width=\"320\" \/><\/a><\/div>\n<div class=\"MsoNormal\">Un obrero de la empresa Bachoco se salv\u00f3 de morir luego de caer de una altura de ocho metros.<\/div>\n<div class=\"MsoNormal\">El obrero herido fue Antonio May Cauich, de 28 a\u00f1os de edad y &nbsp;con domicilio en la comisar\u00eda de Timul.<\/div>\n<div class=\"MsoNormal\">Se inform\u00f3 que se encontraba en la planta Bachoco de Um\u00e1n en unos andamios limpiando unas paredes.<\/div>\n<div class=\"MsoNormal\">Sin embargo, la llanta que le sirve para desplazarse se ator\u00f3 y ocasion\u00f3 que cayera de una altura aproximada de ocho metros. Fue llevado a la Cl\u00ednica T-1 del IMSS, donde se inform\u00f3 que presenta &nbsp;trauma abdominal cerrado, policontundido y probable lesi\u00f3n hep\u00e1tica.<\/div>\n","protected":false},"excerpt":{"rendered":"<p>Un obrero de la empresa Bachoco se salv\u00f3 de morir luego de caer de una altura de ocho metros. El obrero herido fue Antonio May Cauich, de 28 a\u00f1os de<\/p>\n","protected":false},"author":1,"featured_media":23881,"comment_status":"open","ping_status":"open","sticky":false,"template":"","format":"standard","meta":{"jetpack_post_was_ever_published":false,"_jetpack_newsletter_access":"","_jetpack_dont_email_post_to_subs":false,"_jetpack_newsletter_tier_id":0,"_jetpack_memberships_contains_paywalled_content":false,"_jetpack_memberships_contains_paid_content":false,"footnotes":"","jetpack_publicize_message":"","jetpack_publicize_feature_enabled":true,"jetpack_social_post_already_shared":false,"jetpack_social_options":{"image_generator_settings":{"template":"highway","default_image_id":0,"font":"","enabled":false},"version":2}},"categories":[50,3,1,49],"tags":[],"class_list":["post-6892","post","type-post","status-publish","format-standard","has-post-thumbnail","hentry","category-machines","category-portada","category-sin-categoria","category-tocho-morocho"],"jetpack_publicize_connections":[],"jetpack_featured_media_url":"https:\/\/formalprision.com\/wp-content\/uploads\/2012\/05\/aaaabdanui-s.jpg","jetpack_sharing_enabled":true,"jetpack_shortlink":"https:\/\/wp.me\/p6id8p-1Na","_links":{"self":[{"href":"https:\/\/formalprision.com\/index.php?rest_route=\/wp\/v2\/posts\/6892","targetHints":{"allow":["GET"]}}],"collection":[{"href":"https:\/\/formalprision.com\/index.php?rest_route=\/wp\/v2\/posts"}],"about":[{"href":"https:\/\/formalprision.com\/index.php?rest_route=\/wp\/v2\/types\/post"}],"author":[{"embeddable":true,"href":"https:\/\/formalprision.com\/index.php?rest_route=\/wp\/v2\/users\/1"}],"replies":[{"embeddable":true,"href":"https:\/\/formalprision.com\/index.php?rest_route=%2Fwp%2Fv2%2Fcomments&post=6892"}],"version-history":[{"count":0,"href":"https:\/\/formalprision.com\/index.php?rest_route=\/wp\/v2\/posts\/6892\/revisions"}],"wp:featuredmedia":[{"embeddable":true,"href":"https:\/\/formalprision.com\/index.php?rest_route=\/wp\/v2\/media\/23881"}],"wp:attachment":[{"href":"https:\/\/formalprision.com\/index.php?rest_route=%2Fwp%2Fv2%2Fmedia&parent=6892"}],"wp:term":[{"taxonomy":"category","embeddable":true,"href":"https:\/\/formalprision.com\/index.php?rest_route=%2Fwp%2Fv2%2Fcategories&post=6892"},{"taxonomy":"post_tag","embeddable":true,"href":"https:\/\/formalprision.com\/index.php?rest_route=%2Fwp%2Fv2%2Ftags&post=6892"}],"curies":[{"name":"wp","href":"https:\/\/api.w.org\/{rel}","templated":true}]}}