{"id":6896,"date":"2012-05-29T04:16:00","date_gmt":"2012-05-29T04:16:00","guid":{"rendered":"http:\/\/formalprision.info\/2012\/05\/29\/dejan-en-libertad-al-tio-de-la-nina\/"},"modified":"2015-06-03T08:52:00","modified_gmt":"2015-06-03T08:52:00","slug":"dejan-en-libertad-al-tio-de-la-nina","status":"publish","type":"post","link":"https:\/\/formalprision.com\/?p=6896","title":{"rendered":"Dejan en libertad al t\u00edo de la ni\u00f1a violada y asesinada en Izamal"},"content":{"rendered":"<p><\/p>\n<div class=\"separator\" style=\"clear: both; text-align: center;\"><a href=\"http:\/\/3.bp.blogspot.com\/-kKzL6i1w0Lc\/T8RNmYARSaI\/AAAAAAAAG-4\/KZdFG9jxBBU\/s1600\/aaaaescudo+de+la+fiscalia.jpg\" imageanchor=\"1\" style=\"margin-left: 1em; margin-right: 1em;\"><img loading=\"lazy\" decoding=\"async\" border=\"0\" height=\"318\" src=\"http:\/\/formalprision.com\/wp-content\/uploads\/2012\/05\/aaaaescudo-de-la-fiscalia.jpg\" width=\"320\" \/><\/a><\/div>\n<div class=\"ecxMsoNormal\" style=\"line-height: 115%; text-align: justify;\">La Fiscal\u00eda General del Estado  solicit\u00f3 el d\u00eda de hoy al Juez Quinto Penal dejar sin efecto y levantar la orden  de arraigo decretada en contra de Oscar Alfredo Vela Mu\u00f1oz al no existir m\u00e1s  diligencias que realizar en su persona con relaci\u00f3n al homicidio perpetrado en  contra de una menor de edad el pasado 13 de mayo en la poblaci\u00f3n de Izamal.  <\/div>\n<div class=\"ecxMsoNormal\" style=\"line-height: 115%; text-align: justify;\">Con base en los resultados obtenidos  en los estudios de confronta gen\u00e9tica, que mediante colaboraci\u00f3n fueron  realizados por peritos del laboratorio de gen\u00e9tica forense de la Procuradur\u00eda  General de Justicia del Estado de M\u00e9xico, practicados en prendas de Vela Mu\u00f1oz,  se concluy\u00f3 que las muestras de sangre encontradas en las mismas, no ten\u00edan  correspondencia con el perfil gen\u00e9tico (ADN) de la menor fallecida.<\/div>\n<div class=\"ecxMsoNormal\" style=\"line-height: 115%; text-align: justify;\">Con motivo de la investigaci\u00f3n de  estos hechos, contin\u00faan bajo arraigo dos personas m\u00e1s a quienes se les  determinar\u00e1 la situaci\u00f3n jur\u00eddica que corresponda al t\u00e9rmino de la investigaci\u00f3n  y\/o cese de la medida cautelar en la que se encuentran.<\/div>\n","protected":false},"excerpt":{"rendered":"<p>La Fiscal\u00eda General del Estado solicit\u00f3 el d\u00eda de hoy al Juez Quinto Penal dejar sin efecto y levantar la orden de arraigo decretada en contra de Oscar Alfredo Vela<\/p>\n","protected":false},"author":1,"featured_media":23889,"comment_status":"open","ping_status":"open","sticky":false,"template":"","format":"standard","meta":{"jetpack_post_was_ever_published":false,"_jetpack_newsletter_access":"","_jetpack_dont_email_post_to_subs":false,"_jetpack_newsletter_tier_id":0,"_jetpack_memberships_contains_paywalled_content":false,"_jetpack_memberships_contains_paid_content":false,"footnotes":"","jetpack_publicize_message":"","jetpack_publicize_feature_enabled":true,"jetpack_social_post_already_shared":false,"jetpack_social_options":{"image_generator_settings":{"template":"highway","default_image_id":0,"font":"","enabled":false},"version":2}},"categories":[3,1,53],"tags":[],"class_list":["post-6896","post","type-post","status-publish","format-standard","has-post-thumbnail","hentry","category-portada","category-sin-categoria","category-yo-no-fui"],"jetpack_publicize_connections":[],"jetpack_featured_media_url":"https:\/\/formalprision.com\/wp-content\/uploads\/2012\/05\/aaaaescudo-de-la-fiscalia.jpg","jetpack_sharing_enabled":true,"jetpack_shortlink":"https:\/\/wp.me\/p6id8p-1Ne","_links":{"self":[{"href":"https:\/\/formalprision.com\/index.php?rest_route=\/wp\/v2\/posts\/6896","targetHints":{"allow":["GET"]}}],"collection":[{"href":"https:\/\/formalprision.com\/index.php?rest_route=\/wp\/v2\/posts"}],"about":[{"href":"https:\/\/formalprision.com\/index.php?rest_route=\/wp\/v2\/types\/post"}],"author":[{"embeddable":true,"href":"https:\/\/formalprision.com\/index.php?rest_route=\/wp\/v2\/users\/1"}],"replies":[{"embeddable":true,"href":"https:\/\/formalprision.com\/index.php?rest_route=%2Fwp%2Fv2%2Fcomments&post=6896"}],"version-history":[{"count":0,"href":"https:\/\/formalprision.com\/index.php?rest_route=\/wp\/v2\/posts\/6896\/revisions"}],"wp:featuredmedia":[{"embeddable":true,"href":"https:\/\/formalprision.com\/index.php?rest_route=\/wp\/v2\/media\/23889"}],"wp:attachment":[{"href":"https:\/\/formalprision.com\/index.php?rest_route=%2Fwp%2Fv2%2Fmedia&parent=6896"}],"wp:term":[{"taxonomy":"category","embeddable":true,"href":"https:\/\/formalprision.com\/index.php?rest_route=%2Fwp%2Fv2%2Fcategories&post=6896"},{"taxonomy":"post_tag","embeddable":true,"href":"https:\/\/formalprision.com\/index.php?rest_route=%2Fwp%2Fv2%2Ftags&post=6896"}],"curies":[{"name":"wp","href":"https:\/\/api.w.org\/{rel}","templated":true}]}}