{"id":6915,"date":"2012-05-22T23:00:00","date_gmt":"2012-05-22T23:00:00","guid":{"rendered":"http:\/\/formalprision.info\/2012\/05\/22\/muere-los-28-anos-despues-de-varias\/"},"modified":"2015-06-03T08:52:07","modified_gmt":"2015-06-03T08:52:07","slug":"muere-los-28-anos-despues-de-varias","status":"publish","type":"post","link":"https:\/\/formalprision.com\/?p=6915","title":{"rendered":"Muere a los 28 a\u00f1os despu\u00e9s de varias horas embriag\u00e1ndose"},"content":{"rendered":"<p><\/p>\n<div class=\"separator\" style=\"clear: both; text-align: center;\"><a href=\"http:\/\/formalprision.com\/wp-content\/uploads\/2012\/05\/aaachuparindo.jpg\" imageanchor=\"1\" style=\"margin-left: 1em; margin-right: 1em;\"><img decoding=\"async\" border=\"0\" src=\"http:\/\/formalprision.com\/wp-content\/uploads\/2012\/05\/aaachuparindo.jpg\" \/><\/a><\/div>\n<div class=\"ecxmsoplaintext\" style=\"background: white; text-align: justify;\">Luego de varias horas de embriagarse, un joven de Peto falleci\u00f3 a causa de una congesti\u00f3n alcoh\u00f3lica.<\/div>\n<div class=\"ecxmsoplaintext\" style=\"background: white; text-align: justify;\">El fallecido fue identificado como Jos\u00e9 Alfredo Cen Pech, de 28 a\u00f1os de edad.<\/div>\n<div class=\"ecxmsoplaintext\" style=\"background: white; text-align: justify;\">Estuvo tomando durante varias horas hasta que se sinti\u00f3 mal y sus familiares lo llevaron al hospital del IMSS de esa poblaci\u00f3n, pero falleci\u00f3 despu\u00e9s.<\/div>\n<div class=\"ecxmsoplaintext\" style=\"background: white; text-align: justify;\">Muri\u00f3 por congesti\u00f3n alcoh\u00f3lica, seg\u00fan el dictamen m\u00e9dico y la autopsia de ley,<\/div>\n<div class=\"ecxmsoplaintext\" style=\"background: white; text-align: justify;\">Identific\u00f3 el cad\u00e1ver su padre &nbsp;Guzm\u00e1n Cen Chuc.<\/div>\n","protected":false},"excerpt":{"rendered":"<p>Luego de varias horas de embriagarse, un joven de Peto falleci\u00f3 a causa de una congesti\u00f3n alcoh\u00f3lica. El fallecido fue identificado como Jos\u00e9 Alfredo Cen Pech, de 28 a\u00f1os de<\/p>\n","protected":false},"author":1,"featured_media":23927,"comment_status":"open","ping_status":"open","sticky":false,"template":"","format":"standard","meta":{"jetpack_post_was_ever_published":false,"_jetpack_newsletter_access":"","_jetpack_dont_email_post_to_subs":false,"_jetpack_newsletter_tier_id":0,"_jetpack_memberships_contains_paywalled_content":false,"_jetpack_memberships_contains_paid_content":false,"footnotes":"","jetpack_publicize_message":"","jetpack_publicize_feature_enabled":true,"jetpack_social_post_already_shared":false,"jetpack_social_options":{"image_generator_settings":{"template":"highway","default_image_id":0,"font":"","enabled":false},"version":2}},"categories":[44,3,1],"tags":[],"class_list":["post-6915","post","type-post","status-publish","format-standard","has-post-thumbnail","hentry","category-morgue","category-portada","category-sin-categoria"],"jetpack_publicize_connections":[],"jetpack_featured_media_url":"https:\/\/formalprision.com\/wp-content\/uploads\/2012\/05\/aaachuparindo.jpg","jetpack_sharing_enabled":true,"jetpack_shortlink":"https:\/\/wp.me\/p6id8p-1Nx","_links":{"self":[{"href":"https:\/\/formalprision.com\/index.php?rest_route=\/wp\/v2\/posts\/6915","targetHints":{"allow":["GET"]}}],"collection":[{"href":"https:\/\/formalprision.com\/index.php?rest_route=\/wp\/v2\/posts"}],"about":[{"href":"https:\/\/formalprision.com\/index.php?rest_route=\/wp\/v2\/types\/post"}],"author":[{"embeddable":true,"href":"https:\/\/formalprision.com\/index.php?rest_route=\/wp\/v2\/users\/1"}],"replies":[{"embeddable":true,"href":"https:\/\/formalprision.com\/index.php?rest_route=%2Fwp%2Fv2%2Fcomments&post=6915"}],"version-history":[{"count":0,"href":"https:\/\/formalprision.com\/index.php?rest_route=\/wp\/v2\/posts\/6915\/revisions"}],"wp:featuredmedia":[{"embeddable":true,"href":"https:\/\/formalprision.com\/index.php?rest_route=\/wp\/v2\/media\/23927"}],"wp:attachment":[{"href":"https:\/\/formalprision.com\/index.php?rest_route=%2Fwp%2Fv2%2Fmedia&parent=6915"}],"wp:term":[{"taxonomy":"category","embeddable":true,"href":"https:\/\/formalprision.com\/index.php?rest_route=%2Fwp%2Fv2%2Fcategories&post=6915"},{"taxonomy":"post_tag","embeddable":true,"href":"https:\/\/formalprision.com\/index.php?rest_route=%2Fwp%2Fv2%2Ftags&post=6915"}],"curies":[{"name":"wp","href":"https:\/\/api.w.org\/{rel}","templated":true}]}}