{"id":6920,"date":"2012-05-22T01:30:00","date_gmt":"2012-05-22T01:30:00","guid":{"rendered":"http:\/\/formalprision.info\/2012\/05\/22\/estilista-homosexual-detenido-por\/"},"modified":"2015-06-03T08:52:08","modified_gmt":"2015-06-03T08:52:08","slug":"estilista-homosexual-detenido-por","status":"publish","type":"post","link":"https:\/\/formalprision.com\/?p=6920","title":{"rendered":"Estilista homosexual detenido por asaltar con arma blanca a un automovilista"},"content":{"rendered":"<p><\/p>\n<div class=\"separator\" style=\"clear: both; text-align: center;\"><a href=\"http:\/\/2.bp.blogspot.com\/-1BGlSydNS18\/T7rieKqkpEI\/AAAAAAAAG6k\/l3qFWXl3_K8\/s1600\/aaasuperpucheros.jpg\" imageanchor=\"1\" style=\"margin-left: 1em; margin-right: 1em;\"><img loading=\"lazy\" decoding=\"async\" border=\"0\" height=\"320\" src=\"http:\/\/formalprision.com\/wp-content\/uploads\/2012\/05\/aaasuperpucheros.jpg\" width=\"249\" \/><\/a><\/div>\n<div class=\"MsoNormal\" style=\"background-color: white; background-position: initial initial; background-repeat: initial initial; margin-bottom: 7.65pt;\">El estilista travestido Javier Fabricio Huch\u00edn P\u00e9rez fue detenido luego de asaltar armado con un cuchillo a un automovilista.<\/div>\n<div class=\"MsoNormal\" style=\"background-color: white; background-position: initial initial; background-repeat: initial initial; margin-bottom: 7.65pt;\">Tras su detenci\u00f3n, el sujeto de costumbres &nbsp;raras fue remitido al penal, donde ha estado recluido seis ocasiones anteriores.<\/div>\n<div class=\"MsoNormal\" style=\"background-color: white; background-position: initial initial; background-repeat: initial initial; margin-bottom: 0.0001pt;\">En esta ocasi\u00f3n fue acusado de robo calificado cometido con violencia, denunciado por &nbsp;Carlos &nbsp;Castillo Coa\u00f1a.<\/div>\n<div class=\"MsoNormal\" style=\"background-color: white; background-position: initial initial; background-repeat: initial initial; margin-bottom: 0.0001pt;\">El denunciante dijo que a las 11 de la noche lleg\u00f3 en su veh\u00edculo a una farmacia cercana a la delegaci\u00f3n oriente de la Cruz Roja.<\/div>\n<div class=\"MsoNormal\" style=\"background-color: white; background-position: initial initial; background-repeat: initial initial; margin-bottom: 0.0001pt;\">Al salir del negocio, abord\u00f3 su autom\u00f3vil, &nbsp;pero sorpresivamente el travestido abri\u00f3 la puerta y le &nbsp;puso un cuchillo en un costado, exigi\u00e9ndole que reanudara su marcha.<\/div>\n<div class=\"MsoNormal\" style=\"background-color: white; background-position: initial initial; background-repeat: initial initial; margin-bottom: 0.0001pt;\">Se apoder\u00f3 de dos celulares del automovilista y le pidi\u00f3 que se detuviera.<\/div>\n<div class=\"MsoNormal\" style=\"background-color: white; background-position: initial initial; background-repeat: initial initial; margin-bottom: 0.0001pt;\">Se baj\u00f3 del auto, pero antes le hizo un ray\u00f3n en la mano con el cuchillo y quit\u00f3 la llave del switch para que el conductor no pudiera seguirlo.<\/div>\n<div class=\"MsoNormal\" style=\"background-color: white; background-position: initial initial; background-repeat: initial initial; margin-bottom: 0.0001pt;\">El afectado pidi\u00f3 ayuda a la polic\u00eda, que detuvo al homosexual en un cami\u00f3n al que se hab\u00eda subido.<\/div>\n<div class=\"MsoNormal\" style=\"background-color: white; background-position: initial initial; background-repeat: initial initial; margin-bottom: 0.0001pt;\">En su declaraci\u00f3n, el detenido neg\u00f3 los hechos y dijo que estaba ebrio ese d\u00eda y que fue en un cami\u00f3n a la Avenida Itzaes y luego al restaurante La Playa, donde lo detuvieron al salir los polic\u00edas y lo acusaron del robo. (Acom)<\/div>\n<div class=\"MsoNormal\" style=\"background-color: white; background-position: initial initial; background-repeat: initial initial; margin-bottom: 7.65pt;\"><\/div>\n","protected":false},"excerpt":{"rendered":"<p>El estilista travestido Javier Fabricio Huch\u00edn P\u00e9rez fue detenido luego de asaltar armado con un cuchillo a un automovilista. Tras su detenci\u00f3n, el sujeto de costumbres &nbsp;raras fue remitido al<\/p>\n","protected":false},"author":1,"featured_media":23937,"comment_status":"open","ping_status":"open","sticky":false,"template":"","format":"standard","meta":{"jetpack_post_was_ever_published":false,"_jetpack_newsletter_access":"","_jetpack_dont_email_post_to_subs":false,"_jetpack_newsletter_tier_id":0,"_jetpack_memberships_contains_paywalled_content":false,"_jetpack_memberships_contains_paid_content":false,"footnotes":"","jetpack_publicize_message":"","jetpack_publicize_feature_enabled":true,"jetpack_social_post_already_shared":false,"jetpack_social_options":{"image_generator_settings":{"template":"highway","default_image_id":0,"font":"","enabled":false},"version":2}},"categories":[50,48,3,1,53],"tags":[],"class_list":["post-6920","post","type-post","status-publish","format-standard","has-post-thumbnail","hentry","category-machines","category-pecadoras","category-portada","category-sin-categoria","category-yo-no-fui"],"jetpack_publicize_connections":[],"jetpack_featured_media_url":"https:\/\/formalprision.com\/wp-content\/uploads\/2012\/05\/aaasuperpucheros.jpg","jetpack_sharing_enabled":true,"jetpack_shortlink":"https:\/\/wp.me\/p6id8p-1NC","_links":{"self":[{"href":"https:\/\/formalprision.com\/index.php?rest_route=\/wp\/v2\/posts\/6920","targetHints":{"allow":["GET"]}}],"collection":[{"href":"https:\/\/formalprision.com\/index.php?rest_route=\/wp\/v2\/posts"}],"about":[{"href":"https:\/\/formalprision.com\/index.php?rest_route=\/wp\/v2\/types\/post"}],"author":[{"embeddable":true,"href":"https:\/\/formalprision.com\/index.php?rest_route=\/wp\/v2\/users\/1"}],"replies":[{"embeddable":true,"href":"https:\/\/formalprision.com\/index.php?rest_route=%2Fwp%2Fv2%2Fcomments&post=6920"}],"version-history":[{"count":0,"href":"https:\/\/formalprision.com\/index.php?rest_route=\/wp\/v2\/posts\/6920\/revisions"}],"wp:featuredmedia":[{"embeddable":true,"href":"https:\/\/formalprision.com\/index.php?rest_route=\/wp\/v2\/media\/23937"}],"wp:attachment":[{"href":"https:\/\/formalprision.com\/index.php?rest_route=%2Fwp%2Fv2%2Fmedia&parent=6920"}],"wp:term":[{"taxonomy":"category","embeddable":true,"href":"https:\/\/formalprision.com\/index.php?rest_route=%2Fwp%2Fv2%2Fcategories&post=6920"},{"taxonomy":"post_tag","embeddable":true,"href":"https:\/\/formalprision.com\/index.php?rest_route=%2Fwp%2Fv2%2Ftags&post=6920"}],"curies":[{"name":"wp","href":"https:\/\/api.w.org\/{rel}","templated":true}]}}