{"id":6925,"date":"2012-05-21T19:30:00","date_gmt":"2012-05-21T19:30:00","guid":{"rendered":"http:\/\/formalprision.info\/2012\/05\/21\/tres-hospitalizados-por-ataques-de\/"},"modified":"2015-06-03T08:52:08","modified_gmt":"2015-06-03T08:52:08","slug":"tres-hospitalizados-por-ataques-de","status":"publish","type":"post","link":"https:\/\/formalprision.com\/?p=6925","title":{"rendered":"Tres hospitalizados por ataques de perros en M\u00e9rida"},"content":{"rendered":"<p><\/p>\n<div class=\"separator\" style=\"clear: both; text-align: center;\"><a href=\"http:\/\/formalprision.com\/wp-content\/uploads\/2012\/05\/aaaperritonitos.jpg\" imageanchor=\"1\" style=\"margin-left: 1em; margin-right: 1em;\"><img decoding=\"async\" border=\"0\" src=\"http:\/\/formalprision.com\/wp-content\/uploads\/2012\/05\/aaaperritonitos.jpg\" \/><\/a><\/div>\n<div class=\"ecxmsonormal\" style=\"background: white; text-align: justify;\">Tres personas fueron hospitalizadas luego de haber sido mordidas por dos perros en zonas distintas de la ciudad.<\/div>\n<div class=\"ecxmsonormal\" style=\"background: white; text-align: justify;\">En uno de los casos, un perro atac\u00f3 a madre e hijo y en el otro fue un ni\u00f1o de seis a\u00f1os el mordido por otro can.<\/div>\n<div class=\"ecxmsonormal\" style=\"background: white; text-align: justify;\">De acuerdo con los reportes, el menor B.J.M.M. de seis a\u00f1os de edad y vecino del centro fue llevado al Hospital OHor\u00e1n a causa del ataque.<\/div>\n<div class=\"ecxmsonormal\" style=\"background: white; text-align: justify;\">La madre del menor, Claudia May, manifest\u00f3 que a las 13:25 horas de ayer, su hijo jugaba con su perro de la raza Rottweiler, cuando \u00e9ste se torn\u00f3 agresivo y lo atac\u00f3.<\/div>\n<div class=\"ecxmsonormal\" style=\"background: white; text-align: justify;\">Lo mordi\u00f3 a la altura del cuello.<\/div>\n<div class=\"ecxmsonormal\" style=\"background: white; text-align: justify;\">Presenta mordeduras en la nuca y en el antebrazo.<\/div>\n<div class=\"ecxmsonormal\" style=\"background: white; text-align: justify;\">En el otro caso, Lisete N\u00e1tali Echeverr\u00eda P\u00e9rez, de 28 a\u00f1os de edad y vecina del fraccionamiento Quintas de Mulsay, fue atacada a las 11:30 horas, cuando caminaba junto con su hijo de tres a\u00f1os de edad por la calle 69-E del Fraccionamiento Yucalpet\u00e9n.<\/div>\n<div class=\"ecxmsonormal\" style=\"background: white; text-align: justify;\">De una casa sali\u00f3 un perro B\u00f3xer y los atac\u00f3. Fueron llevados al Hospital Ju\u00e1rez del IMSS, donde los atendieron de las mordeduras producidas en las piernas.<\/div>\n<div class=\"ecxmsonormal\" style=\"background: white; text-align: justify;\"><\/div>\n<div class=\"MsoNormal\"><\/div>\n","protected":false},"excerpt":{"rendered":"<p>Tres personas fueron hospitalizadas luego de haber sido mordidas por dos perros en zonas distintas de la ciudad. En uno de los casos, un perro atac\u00f3 a madre e hijo<\/p>\n","protected":false},"author":1,"featured_media":23947,"comment_status":"open","ping_status":"open","sticky":false,"template":"","format":"standard","meta":{"jetpack_post_was_ever_published":false,"_jetpack_newsletter_access":"","_jetpack_dont_email_post_to_subs":false,"_jetpack_newsletter_tier_id":0,"_jetpack_memberships_contains_paywalled_content":false,"_jetpack_memberships_contains_paid_content":false,"footnotes":"","jetpack_publicize_message":"","jetpack_publicize_feature_enabled":true,"jetpack_social_post_already_shared":false,"jetpack_social_options":{"image_generator_settings":{"template":"highway","default_image_id":0,"font":"","enabled":false},"version":2}},"categories":[3,1,49],"tags":[],"class_list":["post-6925","post","type-post","status-publish","format-standard","has-post-thumbnail","hentry","category-portada","category-sin-categoria","category-tocho-morocho"],"jetpack_publicize_connections":[],"jetpack_featured_media_url":"https:\/\/formalprision.com\/wp-content\/uploads\/2012\/05\/aaaperritonitos.jpg","jetpack_sharing_enabled":true,"jetpack_shortlink":"https:\/\/wp.me\/p6id8p-1NH","_links":{"self":[{"href":"https:\/\/formalprision.com\/index.php?rest_route=\/wp\/v2\/posts\/6925","targetHints":{"allow":["GET"]}}],"collection":[{"href":"https:\/\/formalprision.com\/index.php?rest_route=\/wp\/v2\/posts"}],"about":[{"href":"https:\/\/formalprision.com\/index.php?rest_route=\/wp\/v2\/types\/post"}],"author":[{"embeddable":true,"href":"https:\/\/formalprision.com\/index.php?rest_route=\/wp\/v2\/users\/1"}],"replies":[{"embeddable":true,"href":"https:\/\/formalprision.com\/index.php?rest_route=%2Fwp%2Fv2%2Fcomments&post=6925"}],"version-history":[{"count":0,"href":"https:\/\/formalprision.com\/index.php?rest_route=\/wp\/v2\/posts\/6925\/revisions"}],"wp:featuredmedia":[{"embeddable":true,"href":"https:\/\/formalprision.com\/index.php?rest_route=\/wp\/v2\/media\/23947"}],"wp:attachment":[{"href":"https:\/\/formalprision.com\/index.php?rest_route=%2Fwp%2Fv2%2Fmedia&parent=6925"}],"wp:term":[{"taxonomy":"category","embeddable":true,"href":"https:\/\/formalprision.com\/index.php?rest_route=%2Fwp%2Fv2%2Fcategories&post=6925"},{"taxonomy":"post_tag","embeddable":true,"href":"https:\/\/formalprision.com\/index.php?rest_route=%2Fwp%2Fv2%2Ftags&post=6925"}],"curies":[{"name":"wp","href":"https:\/\/api.w.org\/{rel}","templated":true}]}}