{"id":6931,"date":"2012-05-19T22:25:00","date_gmt":"2012-05-19T22:25:00","guid":{"rendered":"http:\/\/formalprision.info\/2012\/05\/19\/arraigan-los-otros-dos-sospechosos-de\/"},"modified":"2015-06-03T08:52:09","modified_gmt":"2015-06-03T08:52:09","slug":"arraigan-los-otros-dos-sospechosos-de","status":"publish","type":"post","link":"https:\/\/formalprision.com\/?p=6931","title":{"rendered":"Arraigan a los otros dos sospechosos del crimen de Izamal"},"content":{"rendered":"<p><\/p>\n<div class=\"separator\" style=\"clear: both; text-align: center;\"><a href=\"http:\/\/1.bp.blogspot.com\/-ZhBugb3uhl8\/T7gduJ4V3rI\/AAAAAAAAG48\/rB-dXTJ5VDQ\/s1600\/aaaraigso.jpg\" imageanchor=\"1\" style=\"margin-left: 1em; margin-right: 1em;\"><img loading=\"lazy\" decoding=\"async\" border=\"0\" height=\"213\" src=\"http:\/\/formalprision.com\/wp-content\/uploads\/2012\/05\/aaaraigso.jpg\" width=\"320\" \/><\/a><\/div>\n<p>La Fiscal\u00eda General del Estado obtuvo el arraigo este d\u00eda de los dos detenidos en Izamal por el crimen de la ni\u00f1a Frida Sof\u00eda Vela Ruiz.<br \/>  Con estos dos, ya son tres los sospechosos&nbsp; arraigados, pues previamente la Fiscal\u00eda puso en arraigo al t\u00edo Oscar vela.&nbsp;detenido el d\u00eda que se hall\u00f3 el cad\u00e1ver .<br \/>  Los arraigados hoy son Manuel Aguirre Eu\u00e1n (a) \u201cVolante\u201d, de 22 a\u00f1os, y a Eduardo Daniel Dzib May (a) \u201cToloc\u201d, de 20<br \/>  Al parecer, el primero es quien presuntamente habr\u00eda asesinado a la menor.<br \/>  Sin embargo, el fiscal H\u00e9ctor Cabrera Rivero se\u00f1al\u00f3. Hoy que no se puede determinar en este momento a un responsable legalmente, por lo que se investigar\u00e1 a los tres sin descartar a nadie, incluso podr\u00eda haber otro <br \/>  El fiscal dijo que no se descartado legalmente la presunta culpabilidad del t\u00edo de la ni\u00f1a, por lo que se har\u00e1n estudios cient\u00edficos y otras diligencias para hallar al responsable de la muerte.<br \/>  Los sospechosos arraigados hoy fueron detenidos ayer por intentar vender objetos robados en la casa.<br \/>  Presuntamente \u201cVolante\u201d fue quien rob\u00f3 las cosas y se las dio al otro sujeto para que las vendiera.<br \/>  La Fiscal\u00eda buscar\u00e1 determinar si alguno de los tres detenidos particip\u00f3 en el crimen o si bien ninguno de ellos lo hizo.<\/p>\n","protected":false},"excerpt":{"rendered":"<p>La Fiscal\u00eda General del Estado obtuvo el arraigo este d\u00eda de los dos detenidos en Izamal por el crimen de la ni\u00f1a Frida Sof\u00eda Vela Ruiz. Con estos dos, ya<\/p>\n","protected":false},"author":1,"featured_media":23958,"comment_status":"open","ping_status":"open","sticky":false,"template":"","format":"standard","meta":{"jetpack_post_was_ever_published":false,"_jetpack_newsletter_access":"","_jetpack_dont_email_post_to_subs":false,"_jetpack_newsletter_tier_id":0,"_jetpack_memberships_contains_paywalled_content":false,"_jetpack_memberships_contains_paid_content":false,"footnotes":"","jetpack_publicize_message":"","jetpack_publicize_feature_enabled":true,"jetpack_social_post_already_shared":false,"jetpack_social_options":{"image_generator_settings":{"template":"highway","default_image_id":0,"font":"","enabled":false},"version":2}},"categories":[59,3,1],"tags":[],"class_list":["post-6931","post","type-post","status-publish","format-standard","has-post-thumbnail","hentry","category-asesinos","category-portada","category-sin-categoria"],"jetpack_publicize_connections":[],"jetpack_featured_media_url":"https:\/\/formalprision.com\/wp-content\/uploads\/2012\/05\/aaaraigso.jpg","jetpack_sharing_enabled":true,"jetpack_shortlink":"https:\/\/wp.me\/p6id8p-1NN","_links":{"self":[{"href":"https:\/\/formalprision.com\/index.php?rest_route=\/wp\/v2\/posts\/6931","targetHints":{"allow":["GET"]}}],"collection":[{"href":"https:\/\/formalprision.com\/index.php?rest_route=\/wp\/v2\/posts"}],"about":[{"href":"https:\/\/formalprision.com\/index.php?rest_route=\/wp\/v2\/types\/post"}],"author":[{"embeddable":true,"href":"https:\/\/formalprision.com\/index.php?rest_route=\/wp\/v2\/users\/1"}],"replies":[{"embeddable":true,"href":"https:\/\/formalprision.com\/index.php?rest_route=%2Fwp%2Fv2%2Fcomments&post=6931"}],"version-history":[{"count":0,"href":"https:\/\/formalprision.com\/index.php?rest_route=\/wp\/v2\/posts\/6931\/revisions"}],"wp:featuredmedia":[{"embeddable":true,"href":"https:\/\/formalprision.com\/index.php?rest_route=\/wp\/v2\/media\/23958"}],"wp:attachment":[{"href":"https:\/\/formalprision.com\/index.php?rest_route=%2Fwp%2Fv2%2Fmedia&parent=6931"}],"wp:term":[{"taxonomy":"category","embeddable":true,"href":"https:\/\/formalprision.com\/index.php?rest_route=%2Fwp%2Fv2%2Fcategories&post=6931"},{"taxonomy":"post_tag","embeddable":true,"href":"https:\/\/formalprision.com\/index.php?rest_route=%2Fwp%2Fv2%2Ftags&post=6931"}],"curies":[{"name":"wp","href":"https:\/\/api.w.org\/{rel}","templated":true}]}}