{"id":6932,"date":"2012-05-19T08:03:00","date_gmt":"2012-05-19T08:03:00","guid":{"rendered":"http:\/\/formalprision.info\/2012\/05\/19\/muere-henry-boldo-ex-director-de-la\/"},"modified":"2015-06-03T08:52:09","modified_gmt":"2015-06-03T08:52:09","slug":"muere-henry-boldo-ex-director-de-la","status":"publish","type":"post","link":"https:\/\/formalprision.com\/?p=6932","title":{"rendered":"Muere Henry Boldo, ex director de la Polic\u00eda Judicial"},"content":{"rendered":"<div><\/div>\n<div><\/p>\n<div align=\"justify\" style=\"margin-top: 0px; margin-right: 0px; margin-bottom: 0px; margin-left: 0px; padding-top: 0px; padding-right: 0px; padding-bottom: 0px; padding-left: 0px; border-top-width: 0px; border-right-width: 0px; border-bottom-width: 0px; border-left-width: 0px; border-style: initial; border-color: initial; outline-width: 0px; outline-style: initial; outline-color: initial; font-size: 15px; vertical-align: baseline; background-image: initial; background-repeat: initial; background-attachment: initial; -webkit-background-clip: initial; -webkit-background-origin: initial; background-color: transparent; background-position: initial initial; \">En las primeras horas de la tarde de hoy y a la edad de 68 a\u00f1os, falleci\u00f3 Henry Boldo Osorio, quien fuera oficial mayor y secretario de la desaparecida Direcci\u00f3n de Protecci\u00f3n y Vialidad (DPV) del gobierno de Yucat\u00e1n, durante la administraci\u00f3n de V\u00edctor Manzanilla Schaffer.<\/div>\n<p>Ampliamente conocido, Henry Boldo fue tambi\u00e9n Director de la Polic\u00eda Judicial del Estado en el Gobierno que encabez\u00f3 V\u00edctor Cervera Pacheco.Boldo Osorio perdi\u00f3 la lucha contra el c\u00e1ncer, pues la ma\u00f1ana de hoy, en su domicilio de Playa del Carmen tuvo una reca\u00edda que amerit\u00f3 su traslado de urgencia a un hospital de \u00e9sta capital a bordo de una ambulancia, pero falleci\u00f3 en el trayecto por un paro respiratorio.El ahora extinto, fue dos veces titular de la Direcci\u00f3n de Seguridad P\u00fablica y Tr\u00e1nsito del Municipio de Solidaridad, Quintana Roo en las administraciones de Carlos Joaqu\u00edn Gonz\u00e1lez y Rom\u00e1n Quian.<\/p>\n<div align=\"justify\" style=\"margin-top: 0px; margin-right: 0px; margin-bottom: 0px; margin-left: 0px; padding-top: 0px; padding-right: 0px; padding-bottom: 0px; padding-left: 0px; border-top-width: 0px; border-right-width: 0px; border-bottom-width: 0px; border-left-width: 0px; border-style: initial; border-color: initial; outline-width: 0px; outline-style: initial; outline-color: initial; font-size: 15px; vertical-align: baseline; background-image: initial; background-repeat: initial; background-attachment: initial; -webkit-background-clip: initial; -webkit-background-origin: initial; background-color: transparent; background-position: initial initial; \">&nbsp;<\/div>\n<div align=\"justify\" style=\"margin-top: 0px; margin-right: 0px; margin-bottom: 0px; margin-left: 0px; padding-top: 0px; padding-right: 0px; padding-bottom: 0px; padding-left: 0px; border-top-width: 0px; border-right-width: 0px; border-bottom-width: 0px; border-left-width: 0px; border-style: initial; border-color: initial; outline-width: 0px; outline-style: initial; outline-color: initial; font-size: 15px; vertical-align: baseline; background-image: initial; background-repeat: initial; background-attachment: initial; -webkit-background-clip: initial; -webkit-background-origin: initial; background-color: transparent; background-position: initial initial; \">PARACAID\u00cdSTA EN VIETNAM<\/div>\n<div align=\"justify\" style=\"margin-top: 0px; margin-right: 0px; margin-bottom: 0px; margin-left: 0px; padding-top: 0px; padding-right: 0px; padding-bottom: 0px; padding-left: 0px; border-top-width: 0px; border-right-width: 0px; border-bottom-width: 0px; border-left-width: 0px; border-style: initial; border-color: initial; outline-width: 0px; outline-style: initial; outline-color: initial; font-size: 15px; vertical-align: baseline; background-image: initial; background-repeat: initial; background-attachment: initial; -webkit-background-clip: initial; -webkit-background-origin: initial; background-color: transparent; background-position: initial initial; \">Henry Boldo particip\u00f3 en la guerra de Vietnam enlistado con el ejercito de los Estados Unidos, y siempre mencionaba una frase muy conocida entre sus amigos y conocidos: \u00abLos paracaidistas no mueren, se re\u00fanen en el cielo para seguir luchando\u00bb.<\/div>\n<div align=\"justify\" style=\"margin-top: 0px; margin-right: 0px; margin-bottom: 0px; margin-left: 0px; padding-top: 0px; padding-right: 0px; padding-bottom: 0px; padding-left: 0px; border-top-width: 0px; border-right-width: 0px; border-bottom-width: 0px; border-left-width: 0px; border-style: initial; border-color: initial; outline-width: 0px; outline-style: initial; outline-color: initial; font-size: 15px; vertical-align: baseline; background-image: initial; background-repeat: initial; background-attachment: initial; -webkit-background-clip: initial; -webkit-background-origin: initial; background-color: transparent; background-position: initial initial; \">&nbsp;<\/div>\n<div align=\"justify\" style=\"margin-top: 0px; margin-right: 0px; margin-bottom: 0px; margin-left: 0px; padding-top: 0px; padding-right: 0px; padding-bottom: 0px; padding-left: 0px; border-top-width: 0px; border-right-width: 0px; border-bottom-width: 0px; border-left-width: 0px; border-style: initial; border-color: initial; outline-width: 0px; outline-style: initial; outline-color: initial; font-size: 15px; vertical-align: baseline; background-image: initial; background-repeat: initial; background-attachment: initial; -webkit-background-clip: initial; -webkit-background-origin: initial; background-color: transparent; background-position: initial initial; \">En Yucat\u00e1n se le recuerda por la desarticulaci\u00f3n de diversas bandas delictivas en coordinaci\u00f3n con el actual secretario de Seguridad P\u00fablica, Comandante Luis Felipe Said\u00e9n Ojeda.<\/div>\n<div align=\"justify\" style=\"margin-top: 0px; margin-right: 0px; margin-bottom: 0px; margin-left: 0px; padding-top: 0px; padding-right: 0px; padding-bottom: 0px; padding-left: 0px; border-top-width: 0px; border-right-width: 0px; border-bottom-width: 0px; border-left-width: 0px; border-style: initial; border-color: initial; outline-width: 0px; outline-style: initial; outline-color: initial; font-size: 15px; vertical-align: baseline; background-image: initial; background-repeat: initial; background-attachment: initial; -webkit-background-clip: initial; -webkit-background-origin: initial; background-color: transparent; background-position: initial initial; \">Uno de los casos m\u00e1s sonados que esclareci\u00f3 Henry Boldo siendo director de la Polic\u00eda Judicial, fue el asesinato de la joven bailarina y agiotista Cinthia Ricalde Zurita, quien fue asesinada con sa\u00f1a en su domicilio del barrio de Santiago.<\/div>\n<div align=\"justify\" style=\"margin-top: 0px; margin-right: 0px; margin-bottom: 0px; margin-left: 0px; padding-top: 0px; padding-right: 0px; padding-bottom: 0px; padding-left: 0px; border-top-width: 0px; border-right-width: 0px; border-bottom-width: 0px; border-left-width: 0px; border-style: initial; border-color: initial; outline-width: 0px; outline-style: initial; outline-color: initial; font-size: 15px; vertical-align: baseline; background-image: initial; background-repeat: initial; background-attachment: initial; -webkit-background-clip: initial; -webkit-background-origin: initial; background-color: transparent; background-position: initial initial; \">En ese per\u00edodo, Boldo Osorio cuyo nombre clave era \u00abDrag\u00f3n\u00bb, fortaleci\u00f3 el trabajo coordinado con la polic\u00eda estatal, que en ese entonces tambi\u00e9n estaba a cargo del comandante Luis Felipe Said\u00e9n.<\/div>\n<div align=\"justify\" style=\"margin-top: 0px; margin-right: 0px; margin-bottom: 0px; margin-left: 0px; padding-top: 0px; padding-right: 0px; padding-bottom: 0px; padding-left: 0px; border-top-width: 0px; border-right-width: 0px; border-bottom-width: 0px; border-left-width: 0px; border-style: initial; border-color: initial; outline-width: 0px; outline-style: initial; outline-color: initial; font-size: 15px; vertical-align: baseline; background-image: initial; background-repeat: initial; background-attachment: initial; -webkit-background-clip: initial; -webkit-background-origin: initial; background-color: transparent; background-position: initial initial; \">El trabajo realizado en ese entonces, incluso le mereci\u00f3 un reconocimiento especial del Gobierno Estatal y de la sociedad yucateca, durante una ceremonia realizada en el Sal\u00f3n de los Retratos del Palacio de gobierno.<\/div>\n<p><\/div>\n","protected":false},"excerpt":{"rendered":"<p>En las primeras horas de la tarde de hoy y a la edad de 68 a\u00f1os, falleci\u00f3 Henry Boldo Osorio, quien fuera oficial mayor y secretario de la desaparecida Direcci\u00f3n<\/p>\n","protected":false},"author":1,"featured_media":0,"comment_status":"open","ping_status":"open","sticky":false,"template":"","format":"standard","meta":{"jetpack_post_was_ever_published":false,"_jetpack_newsletter_access":"","_jetpack_dont_email_post_to_subs":false,"_jetpack_newsletter_tier_id":0,"_jetpack_memberships_contains_paywalled_content":false,"_jetpack_memberships_contains_paid_content":false,"footnotes":"","jetpack_publicize_message":"","jetpack_publicize_feature_enabled":true,"jetpack_social_post_already_shared":false,"jetpack_social_options":{"image_generator_settings":{"template":"highway","default_image_id":0,"font":"","enabled":false},"version":2}},"categories":[1],"tags":[],"class_list":["post-6932","post","type-post","status-publish","format-standard","hentry","category-sin-categoria"],"jetpack_publicize_connections":[],"jetpack_featured_media_url":"","jetpack_sharing_enabled":true,"jetpack_shortlink":"https:\/\/wp.me\/p6id8p-1NO","_links":{"self":[{"href":"https:\/\/formalprision.com\/index.php?rest_route=\/wp\/v2\/posts\/6932","targetHints":{"allow":["GET"]}}],"collection":[{"href":"https:\/\/formalprision.com\/index.php?rest_route=\/wp\/v2\/posts"}],"about":[{"href":"https:\/\/formalprision.com\/index.php?rest_route=\/wp\/v2\/types\/post"}],"author":[{"embeddable":true,"href":"https:\/\/formalprision.com\/index.php?rest_route=\/wp\/v2\/users\/1"}],"replies":[{"embeddable":true,"href":"https:\/\/formalprision.com\/index.php?rest_route=%2Fwp%2Fv2%2Fcomments&post=6932"}],"version-history":[{"count":0,"href":"https:\/\/formalprision.com\/index.php?rest_route=\/wp\/v2\/posts\/6932\/revisions"}],"wp:attachment":[{"href":"https:\/\/formalprision.com\/index.php?rest_route=%2Fwp%2Fv2%2Fmedia&parent=6932"}],"wp:term":[{"taxonomy":"category","embeddable":true,"href":"https:\/\/formalprision.com\/index.php?rest_route=%2Fwp%2Fv2%2Fcategories&post=6932"},{"taxonomy":"post_tag","embeddable":true,"href":"https:\/\/formalprision.com\/index.php?rest_route=%2Fwp%2Fv2%2Ftags&post=6932"}],"curies":[{"name":"wp","href":"https:\/\/api.w.org\/{rel}","templated":true}]}}