{"id":6939,"date":"2012-05-17T03:00:00","date_gmt":"2012-05-17T03:00:00","guid":{"rendered":"http:\/\/formalprision.info\/2012\/05\/17\/adolescente-de-15-anos-aborta-en-e\/"},"modified":"2015-06-03T08:52:10","modified_gmt":"2015-06-03T08:52:10","slug":"adolescente-de-15-anos-aborta-en-e","status":"publish","type":"post","link":"https:\/\/formalprision.com\/?p=6939","title":{"rendered":"Adolescente de 15 a\u00f1os aborta en el ba\u00f1o de su casa en M\u00e9rida"},"content":{"rendered":"<p><\/p>\n<div class=\"ecxmsoplaintext\" style=\"background: white; text-align: justify;\"><\/div>\n<div class=\"separator\" style=\"clear: both; text-align: center;\"><a href=\"http:\/\/3.bp.blogspot.com\/-famhOCxRhkE\/T7RfzxFI3SI\/AAAAAAAAG4A\/E-1u7c_9niQ\/s1600\/aaa+ambulancias.jpg\" imageanchor=\"1\" style=\"margin-left: 1em; margin-right: 1em;\"><img loading=\"lazy\" decoding=\"async\" border=\"0\" height=\"320\" src=\"http:\/\/formalprision.com\/wp-content\/uploads\/2012\/05\/aaa-ambulancias.jpg\" width=\"225\" \/><\/a><\/div>\n<div class=\"ecxmsoplaintext\" style=\"background-attachment: initial; background-clip: initial; background-color: white; background-image: initial; background-origin: initial; background-position: initial initial; background-repeat: initial initial;\">Una adolescente de 15 a\u00f1os de edad sufri\u00f3 un aborto en su domicilio, por lo que tuvo que ser hospitalizada de emergencia.<\/div>\n<div class=\"ecxmsoplaintext\" style=\"background-attachment: initial; background-clip: initial; background-color: white; background-image: initial; background-origin: initial; background-position: initial initial; background-repeat: initial initial;\">La menor A. M. M.. tiene su domicilio en la colonia El Porvenir.<\/div>\n<div class=\"ecxmsoplaintext\" style=\"background-attachment: initial; background-clip: initial; background-color: white; background-image: initial; background-origin: initial; background-position: initial initial; background-repeat: initial initial;\">Ella misma relat\u00f3 a las autoridades que ayer aproximadamente a las 09:00 horas, sinti\u00f3 ganas de ir al ba\u00f1o.<\/div>\n<div class=\"ecxmsoplaintext\" style=\"background-attachment: initial; background-clip: initial; background-color: white; background-image: initial; background-origin: initial; background-position: initial initial; background-repeat: initial initial;\">Sin embargo, comenz\u00f3 a pasar sangre y se percat\u00f3 que expuls\u00f3 un feto.<\/div>\n<div class=\"ecxmsoplaintext\" style=\"background-attachment: initial; background-clip: initial; background-color: white; background-image: initial; background-origin: initial; background-position: initial initial; background-repeat: initial initial;\">La menor fue auxiliada por param\u00e9dicos de la Cruz Roja, quienes le informaron que su hijo hab\u00eda fallecido.<\/div>\n<div class=\"ecxmsoplaintext\" style=\"background-attachment: initial; background-clip: initial; background-color: white; background-image: initial; background-origin: initial; background-position: initial initial; background-repeat: initial initial;\">Fue llevada en la misma ambulancia al Hospital OHor\u00e1n y se dio parte a la Fiscal\u00eda General del Estado.<\/div>\n<div class=\"ecxmsoplaintext\" style=\"background-attachment: initial; background-clip: initial; background-color: white; background-image: initial; background-origin: initial; background-position: initial initial; background-repeat: initial initial;\">La autoridad ministerial inici\u00f3 una investigaci\u00f3n para determinar si el aborto fue accidental o provocado.<\/div>\n<div class=\"ecxmsoplaintext\" style=\"background-attachment: initial; background-clip: initial; background-color: white; background-image: initial; background-origin: initial; background-position: initial initial; background-repeat: initial initial;\">No se dieron m\u00e1s detalles del caso, por lo que se desconoce si la menor hab\u00eda ocultado su embarazo ni se ha informado cu\u00e1ntos meses ten\u00eda de gestaci\u00f3n.<\/div>\n<div class=\"ecxmsoplaintext\" style=\"background-attachment: initial; background-clip: initial; background-color: white; background-image: initial; background-origin: initial; background-position: initial initial; background-repeat: initial initial;\">El producto fue levantado por el Semefo para las diligencias de rigor.<\/div>\n<p><\/p>\n","protected":false},"excerpt":{"rendered":"<p>Una adolescente de 15 a\u00f1os de edad sufri\u00f3 un aborto en su domicilio, por lo que tuvo que ser hospitalizada de emergencia. La menor A. M. M.. tiene su domicilio<\/p>\n","protected":false},"author":1,"featured_media":23973,"comment_status":"open","ping_status":"open","sticky":false,"template":"","format":"standard","meta":{"jetpack_post_was_ever_published":false,"_jetpack_newsletter_access":"","_jetpack_dont_email_post_to_subs":false,"_jetpack_newsletter_tier_id":0,"_jetpack_memberships_contains_paywalled_content":false,"_jetpack_memberships_contains_paid_content":false,"footnotes":"","jetpack_publicize_message":"","jetpack_publicize_feature_enabled":true,"jetpack_social_post_already_shared":false,"jetpack_social_options":{"image_generator_settings":{"template":"highway","default_image_id":0,"font":"","enabled":false},"version":2}},"categories":[3,1,49],"tags":[],"class_list":["post-6939","post","type-post","status-publish","format-standard","has-post-thumbnail","hentry","category-portada","category-sin-categoria","category-tocho-morocho"],"jetpack_publicize_connections":[],"jetpack_featured_media_url":"https:\/\/formalprision.com\/wp-content\/uploads\/2012\/05\/aaa-ambulancias.jpg","jetpack_sharing_enabled":true,"jetpack_shortlink":"https:\/\/wp.me\/p6id8p-1NV","_links":{"self":[{"href":"https:\/\/formalprision.com\/index.php?rest_route=\/wp\/v2\/posts\/6939","targetHints":{"allow":["GET"]}}],"collection":[{"href":"https:\/\/formalprision.com\/index.php?rest_route=\/wp\/v2\/posts"}],"about":[{"href":"https:\/\/formalprision.com\/index.php?rest_route=\/wp\/v2\/types\/post"}],"author":[{"embeddable":true,"href":"https:\/\/formalprision.com\/index.php?rest_route=\/wp\/v2\/users\/1"}],"replies":[{"embeddable":true,"href":"https:\/\/formalprision.com\/index.php?rest_route=%2Fwp%2Fv2%2Fcomments&post=6939"}],"version-history":[{"count":0,"href":"https:\/\/formalprision.com\/index.php?rest_route=\/wp\/v2\/posts\/6939\/revisions"}],"wp:featuredmedia":[{"embeddable":true,"href":"https:\/\/formalprision.com\/index.php?rest_route=\/wp\/v2\/media\/23973"}],"wp:attachment":[{"href":"https:\/\/formalprision.com\/index.php?rest_route=%2Fwp%2Fv2%2Fmedia&parent=6939"}],"wp:term":[{"taxonomy":"category","embeddable":true,"href":"https:\/\/formalprision.com\/index.php?rest_route=%2Fwp%2Fv2%2Fcategories&post=6939"},{"taxonomy":"post_tag","embeddable":true,"href":"https:\/\/formalprision.com\/index.php?rest_route=%2Fwp%2Fv2%2Ftags&post=6939"}],"curies":[{"name":"wp","href":"https:\/\/api.w.org\/{rel}","templated":true}]}}