{"id":6941,"date":"2012-05-17T01:00:00","date_gmt":"2012-05-17T01:00:00","guid":{"rendered":"http:\/\/formalprision.info\/2012\/05\/17\/acusado-de-matar-su-amigo-homosexua\/"},"modified":"2015-06-03T08:52:11","modified_gmt":"2015-06-03T08:52:11","slug":"acusado-de-matar-su-amigo-homosexua","status":"publish","type":"post","link":"https:\/\/formalprision.com\/?p=6941","title":{"rendered":"Acusado de matar a su amigo homosexual dice que solo quer\u00eda calmarlo"},"content":{"rendered":"<p><\/p>\n<div class=\"separator\" style=\"clear: both; text-align: center;\"><a href=\"http:\/\/2.bp.blogspot.com\/-qtUpXhDhk-E\/T7RG8MNKg1I\/AAAAAAAAG3o\/6Ot_jbTImEk\/s1600\/aabururchasa.JPG\" imageanchor=\"1\" style=\"margin-left: 1em; margin-right: 1em;\"><img loading=\"lazy\" decoding=\"async\" border=\"0\" height=\"240\" src=\"http:\/\/formalprision.com\/wp-content\/uploads\/2012\/05\/aabururchasa.jpg\" width=\"320\" \/><\/a><\/div>\n<div class=\"MsoNormal\" style=\"background-attachment: initial; background-clip: initial; background-color: white; background-image: initial; background-origin: initial; background-position: initial initial; background-repeat: initial initial; margin-bottom: 0.0001pt;\">Al rendir su declaraci\u00f3n preparatoria, Isa\u00edas Koyoc Maas (a) \u201cIsa\u201d, acusado de asesinar al comerciante &nbsp;Jos\u00e9 Emilio Villanueva Garma, dijo que no tuvo intenciones de matarlo, sino que fue producto de un pleito.<\/div>\n<div class=\"MsoNormal\" style=\"background-attachment: initial; background-clip: initial; background-color: white; background-image: initial; background-origin: initial; background-position: initial initial; background-repeat: initial initial; margin-bottom: 0.0001pt;\">Asegur\u00f3 que golpe\u00f3 en varias ocasiones a ahora occiso, pero como no se calmaba, lo sujet\u00f3 del cuello hasta que qued\u00f3 inm\u00f3vil, aunque crey\u00f3 que le estaba jugando una broma.<\/div>\n<div class=\"MsoNormal\" style=\"background-attachment: initial; background-clip: initial; background-color: white; background-image: initial; background-origin: initial; background-position: initial initial; background-repeat: initial initial; margin-bottom: 0.0001pt;\">Koyoc Maas, de 20 a\u00f1os de edad, declar\u00f3 hoy ante el Juzgado Quinto Penal, acusado de&nbsp; homicidio calificado y robo.<\/div>\n<div class=\"MsoNormal\" style=\"background-attachment: initial; background-clip: initial; background-color: white; background-image: initial; background-origin: initial; background-position: initial initial; background-repeat: initial initial; margin-bottom: 0.0001pt;\">El crimen ocurri\u00f3 el mes pasado en las oficinas del negocio del occiso, en la calle 65 entre 38 y 40 .<\/div>\n<div class=\"MsoNormal\" style=\"background-attachment: initial; background-clip: initial; background-color: white; background-image: initial; background-origin: initial; background-position: initial initial; background-repeat: initial initial; margin-bottom: 0.0001pt;\">El expediente indica que el joven manten\u00eda relaciones homosexuales con la v\u00edctima y fue a cobrarle una deuda, discutieron y lo asesin\u00f3 a golpes y asfixi\u00e1ndolo, adem\u00e1s de que le rob\u00f3.<\/div>\n<div class=\"MsoNormal\" style=\"background-attachment: initial; background-clip: initial; background-color: white; background-image: initial; background-origin: initial; background-position: initial initial; background-repeat: initial initial; margin-bottom: 0.0001pt;\">En su defensa, el detenido dijo hoy que no sosten\u00eda una relaci\u00f3n homosexual con el occiso, pero se\u00f1al\u00f3 que la discusi\u00f3n inici\u00f3 porque quiso besarlo a la fuerza.<\/div>\n<div class=\"MsoNormal\" style=\"background-attachment: initial; background-clip: initial; background-color: white; background-image: initial; background-origin: initial; background-position: initial initial; background-repeat: initial initial; margin-bottom: 0.0001pt;\">No me quer\u00eda pagar los \u00b7300 que me deb\u00eda y me invit\u00f3 a ver fotograf\u00edas de sus novios que ten\u00eda en su laptop.<\/div>\n<div class=\"MsoNormal\" style=\"background-attachment: initial; background-clip: initial; background-color: white; background-image: initial; background-origin: initial; background-position: initial initial; background-repeat: initial initial; margin-bottom: 0.0001pt;\">\u201cComo insist\u00eda en besarme, lo empuje y se cay\u00f3 la laptop, lo que lo molest\u00f3 y le pegu\u00e9 en la quijada con un palo de escoba\u201d.<\/div>\n<div class=\"MsoNormal\" style=\"background-attachment: initial; background-clip: initial; background-color: white; background-image: initial; background-origin: initial; background-position: initial initial; background-repeat: initial initial; margin-bottom: 0.0001pt;\">\u201cNo se calmaba, por lo que le di cuatro golpes en la cara y comenz\u00f3 a sangrar\u2026me dijo que me iba a demandar\u201d-<\/div>\n<div class=\"MsoNormal\" style=\"background-attachment: initial; background-clip: initial; background-color: white; background-image: initial; background-origin: initial; background-position: initial initial; background-repeat: initial initial; margin-bottom: 0.0001pt;\">\u201cSegu\u00eda sin calmarse, entonces le puse un brazo en el cuello, lo mont\u00e9 y de repente se desmay\u00f3\u2026le dije Milo no me hagas bromas, despierta, pero ya no respondi\u00f3\u201d.<\/div>\n<div class=\"MsoNormal\" style=\"background-attachment: initial; background-clip: initial; background-color: white; background-image: initial; background-origin: initial; background-position: initial initial; background-repeat: initial initial; margin-bottom: 0.0001pt;\">Luego, seg\u00fan el homicida, estuvo dos horas junto al cuerpo esperando que reaccionara y pensando qu\u00e9 hacer.<\/div>\n<div class=\"MsoNormal\" style=\"background-attachment: initial; background-clip: initial; background-color: white; background-image: initial; background-origin: initial; background-position: initial initial; background-repeat: initial initial; margin-bottom: 0.0001pt;\">Al final de cuentas, le quit\u00f3 sus alhajas, su cartera con 800 pesos, dos tarjetas bancarias, la laptop, un bulto con 3,500 pesos y el pasaporte.<\/div>\n<div class=\"MsoNormal\" style=\"background-attachment: initial; background-clip: initial; background-color: white; background-image: initial; background-origin: initial; background-position: initial initial; background-repeat: initial initial; margin-bottom: 0.0001pt;\">Huy\u00f3, pero fue detenido y arraigado despu\u00e9s por la Fiscal\u00eda. (Acom)<\/div>\n<div class=\"MsoNormal\" style=\"background-attachment: initial; background-clip: initial; background-color: white; background-image: initial; background-origin: initial; background-position: initial initial; background-repeat: initial initial; margin-bottom: 0.0001pt;\"><\/div>\n<div class=\"MsoNormal\" style=\"background-attachment: initial; background-clip: initial; background-color: white; background-image: initial; background-origin: initial; background-position: initial initial; background-repeat: initial initial; margin-bottom: 0.0001pt;\"><\/div>\n","protected":false},"excerpt":{"rendered":"<p>Al rendir su declaraci\u00f3n preparatoria, Isa\u00edas Koyoc Maas (a) \u201cIsa\u201d, acusado de asesinar al comerciante &nbsp;Jos\u00e9 Emilio Villanueva Garma, dijo que no tuvo intenciones de matarlo, sino que fue producto<\/p>\n","protected":false},"author":1,"featured_media":23977,"comment_status":"open","ping_status":"open","sticky":false,"template":"","format":"standard","meta":{"jetpack_post_was_ever_published":false,"_jetpack_newsletter_access":"","_jetpack_dont_email_post_to_subs":false,"_jetpack_newsletter_tier_id":0,"_jetpack_memberships_contains_paywalled_content":false,"_jetpack_memberships_contains_paid_content":false,"footnotes":"","jetpack_publicize_message":"","jetpack_publicize_feature_enabled":true,"jetpack_social_post_already_shared":false,"jetpack_social_options":{"image_generator_settings":{"template":"highway","default_image_id":0,"font":"","enabled":false},"version":2}},"categories":[59,3,1],"tags":[],"class_list":["post-6941","post","type-post","status-publish","format-standard","has-post-thumbnail","hentry","category-asesinos","category-portada","category-sin-categoria"],"jetpack_publicize_connections":[],"jetpack_featured_media_url":"https:\/\/formalprision.com\/wp-content\/uploads\/2012\/05\/aabururchasa.jpg","jetpack_sharing_enabled":true,"jetpack_shortlink":"https:\/\/wp.me\/p6id8p-1NX","_links":{"self":[{"href":"https:\/\/formalprision.com\/index.php?rest_route=\/wp\/v2\/posts\/6941","targetHints":{"allow":["GET"]}}],"collection":[{"href":"https:\/\/formalprision.com\/index.php?rest_route=\/wp\/v2\/posts"}],"about":[{"href":"https:\/\/formalprision.com\/index.php?rest_route=\/wp\/v2\/types\/post"}],"author":[{"embeddable":true,"href":"https:\/\/formalprision.com\/index.php?rest_route=\/wp\/v2\/users\/1"}],"replies":[{"embeddable":true,"href":"https:\/\/formalprision.com\/index.php?rest_route=%2Fwp%2Fv2%2Fcomments&post=6941"}],"version-history":[{"count":0,"href":"https:\/\/formalprision.com\/index.php?rest_route=\/wp\/v2\/posts\/6941\/revisions"}],"wp:featuredmedia":[{"embeddable":true,"href":"https:\/\/formalprision.com\/index.php?rest_route=\/wp\/v2\/media\/23977"}],"wp:attachment":[{"href":"https:\/\/formalprision.com\/index.php?rest_route=%2Fwp%2Fv2%2Fmedia&parent=6941"}],"wp:term":[{"taxonomy":"category","embeddable":true,"href":"https:\/\/formalprision.com\/index.php?rest_route=%2Fwp%2Fv2%2Fcategories&post=6941"},{"taxonomy":"post_tag","embeddable":true,"href":"https:\/\/formalprision.com\/index.php?rest_route=%2Fwp%2Fv2%2Ftags&post=6941"}],"curies":[{"name":"wp","href":"https:\/\/api.w.org\/{rel}","templated":true}]}}