{"id":6943,"date":"2012-05-16T21:00:00","date_gmt":"2012-05-16T21:00:00","guid":{"rendered":"http:\/\/formalprision.info\/2012\/05\/16\/dos-destripados-y-4-detenidos-deja-un\/"},"modified":"2015-06-03T08:52:11","modified_gmt":"2015-06-03T08:52:11","slug":"dos-destripados-y-4-detenidos-deja-un","status":"publish","type":"post","link":"https:\/\/formalprision.com\/?p=6943","title":{"rendered":"Dos destripados y 4 detenidos deja un pleito de bandas en Kanas\u00edn"},"content":{"rendered":"<p><\/p>\n<div class=\"separator\" style=\"clear: both; text-align: center;\"><a href=\"http:\/\/1.bp.blogspot.com\/-unZe_25EK_0\/T7H2Lt1W7hI\/AAAAAAAAG2E\/eVwXiYpzDQ8\/s1600\/aaaojo+rorjo.jpg\" imageanchor=\"1\" style=\"margin-left: 1em; margin-right: 1em;\"><img loading=\"lazy\" decoding=\"async\" border=\"0\" height=\"320\" src=\"http:\/\/formalprision.com\/wp-content\/uploads\/2012\/05\/aaaojo-rorjo.jpg\" width=\"238\" \/><\/a><\/div>\n<div class=\"MsoNormal\" style=\"background-attachment: initial; background-clip: initial; background-color: white; background-image: initial; background-origin: initial; background-position: initial initial; background-repeat: initial initial; margin-bottom: 0.0001pt;\">Un pleito entre bandas rivales &nbsp;en &nbsp;Kanas\u00edn casi termina en tragedia luego de que dos pandilleros resultaron heridos con arma blanca.<\/div>\n<div class=\"MsoNormal\" style=\"background-attachment: initial; background-clip: initial; background-color: white; background-image: initial; background-origin: initial; background-position: initial initial; background-repeat: initial initial; margin-bottom: 0.0001pt;\">Adem\u00e1s de los destripados, el &nbsp;enfrentamiento dej\u00f3 un saldo de <\/div>\n<div class=\"MsoNormal\" style=\"background-attachment: initial; background-clip: initial; background-color: white; background-image: initial; background-origin: initial; background-position: initial initial; background-repeat: initial initial; margin-bottom: 0.0001pt;\">cuatro detenidos .<\/div>\n<div class=\"MsoNormal\" style=\"background-attachment: initial; background-clip: initial; background-color: white; background-image: initial; background-origin: initial; background-position: initial initial; background-repeat: initial initial; margin-bottom: 0.0001pt;\">De los cuatro agresores, dos son menores de edad, por lo que fueron enviados a la Correccional.<\/div>\n<div class=\"MsoNormal\" style=\"background-attachment: initial; background-clip: initial; background-color: white; background-image: initial; background-origin: initial; background-position: initial initial; background-repeat: initial initial; margin-bottom: 0.0001pt;\">En tanto, &nbsp;Sergio Uicab Pech y Andy Javier Chal\u00e9 Uc fueron remitidos al Juzgado Primero Penal, acusados de lesiones calificadas cometidas en pandilla, en agravio de Jos\u00e9 Oswaldo Baas Baas y Carlos Fernando Baas Pech, quienes se encuentran hospitalizados, el \u00faltimo de ellos de gravedad.<\/div>\n<div class=\"MsoNormal\" style=\"background-attachment: initial; background-clip: initial; background-color: white; background-image: initial; background-origin: initial; background-position: initial initial; background-repeat: initial initial; margin-bottom: 0.0001pt;\">\u00c9l enfrentamiento se dio casi a las 6 de la ma\u00f1ana, cuando Edwin Armando Pech Ak\u00e9 y Miguel Gerardo Uicab Herrera fueron a comprar hielo y agua mineral para seguir la fiesta que empez\u00f3 el grupo la noche anterior.<\/div>\n<div class=\"MsoNormal\" style=\"background-attachment: initial; background-clip: initial; background-color: white; background-image: initial; background-origin: initial; background-position: initial initial; background-repeat: initial initial; margin-bottom: 0.0001pt;\">Al pasar por la calle 28 entre 13 y 13 A de Kanas\u00edn, fueron interceptados por Jos\u00e9 Marcelo Chan Uicab, Carlos Fernando Baas Pech y Jos\u00e9 Oswaldo Baas, quienes pr\u00e1cticamente los asaltaron, ya que los despojaron del hielo y las aguas.<\/div>\n<div class=\"MsoNormal\" style=\"background-attachment: initial; background-clip: initial; background-color: white; background-image: initial; background-origin: initial; background-position: initial initial; background-repeat: initial initial; margin-bottom: 0.0001pt;\">Los j\u00f3venes asaltados acudieron con sus amigos y les contaron lo sucedido, por lo que fueron a buscar al otro grupo ys e ar\u00f3 la gresca.<\/div>\n<div class=\"MsoNormal\" style=\"background-attachment: initial; background-clip: initial; background-color: white; background-image: initial; background-origin: initial; background-position: initial initial; background-repeat: initial initial; margin-bottom: 0.0001pt;\">Andy Javier Chal\u00e9 sac\u00f3 una navaja y lesion\u00f3 a &nbsp;Jos\u00e9 Oswaldo y a Carlos Fernando.<\/div>\n<div class=\"MsoNormal\" style=\"background-attachment: initial; background-clip: initial; background-color: white; background-image: initial; background-origin: initial; background-position: initial initial; background-repeat: initial initial; margin-bottom: 0.0001pt;\">Los vecinos del rumbo llamaron a la polic\u00eda, que acudi\u00f3 al sitio y detuvo a los agresores, mientras que los heridos fueron llevados a un hospital.<\/div>\n<div class=\"MsoNormal\" style=\"background-attachment: initial; background-clip: initial; background-color: white; background-image: initial; background-origin: initial; background-position: initial initial; background-repeat: initial initial; margin-bottom: 0.0001pt;\">Los adultos detenidos no tienen derecho a salir libre bajo fianza porque las lesiones son consideradas de gravedad, (ACOM)<\/div>\n<div class=\"MsoNormal\"><\/div>\n","protected":false},"excerpt":{"rendered":"<p>Un pleito entre bandas rivales &nbsp;en &nbsp;Kanas\u00edn casi termina en tragedia luego de que dos pandilleros resultaron heridos con arma blanca. Adem\u00e1s de los destripados, el &nbsp;enfrentamiento dej\u00f3 un saldo<\/p>\n","protected":false},"author":1,"featured_media":23981,"comment_status":"open","ping_status":"open","sticky":false,"template":"","format":"standard","meta":{"jetpack_post_was_ever_published":false,"_jetpack_newsletter_access":"","_jetpack_dont_email_post_to_subs":false,"_jetpack_newsletter_tier_id":0,"_jetpack_memberships_contains_paywalled_content":false,"_jetpack_memberships_contains_paid_content":false,"footnotes":"","jetpack_publicize_message":"","jetpack_publicize_feature_enabled":true,"jetpack_social_post_already_shared":false,"jetpack_social_options":{"image_generator_settings":{"template":"highway","default_image_id":0,"font":"","enabled":false},"version":2}},"categories":[50,3,1,53],"tags":[],"class_list":["post-6943","post","type-post","status-publish","format-standard","has-post-thumbnail","hentry","category-machines","category-portada","category-sin-categoria","category-yo-no-fui"],"jetpack_publicize_connections":[],"jetpack_featured_media_url":"https:\/\/formalprision.com\/wp-content\/uploads\/2012\/05\/aaaojo-rorjo.jpg","jetpack_sharing_enabled":true,"jetpack_shortlink":"https:\/\/wp.me\/p6id8p-1NZ","_links":{"self":[{"href":"https:\/\/formalprision.com\/index.php?rest_route=\/wp\/v2\/posts\/6943","targetHints":{"allow":["GET"]}}],"collection":[{"href":"https:\/\/formalprision.com\/index.php?rest_route=\/wp\/v2\/posts"}],"about":[{"href":"https:\/\/formalprision.com\/index.php?rest_route=\/wp\/v2\/types\/post"}],"author":[{"embeddable":true,"href":"https:\/\/formalprision.com\/index.php?rest_route=\/wp\/v2\/users\/1"}],"replies":[{"embeddable":true,"href":"https:\/\/formalprision.com\/index.php?rest_route=%2Fwp%2Fv2%2Fcomments&post=6943"}],"version-history":[{"count":0,"href":"https:\/\/formalprision.com\/index.php?rest_route=\/wp\/v2\/posts\/6943\/revisions"}],"wp:featuredmedia":[{"embeddable":true,"href":"https:\/\/formalprision.com\/index.php?rest_route=\/wp\/v2\/media\/23981"}],"wp:attachment":[{"href":"https:\/\/formalprision.com\/index.php?rest_route=%2Fwp%2Fv2%2Fmedia&parent=6943"}],"wp:term":[{"taxonomy":"category","embeddable":true,"href":"https:\/\/formalprision.com\/index.php?rest_route=%2Fwp%2Fv2%2Fcategories&post=6943"},{"taxonomy":"post_tag","embeddable":true,"href":"https:\/\/formalprision.com\/index.php?rest_route=%2Fwp%2Fv2%2Ftags&post=6943"}],"curies":[{"name":"wp","href":"https:\/\/api.w.org\/{rel}","templated":true}]}}