{"id":6944,"date":"2012-05-16T01:00:00","date_gmt":"2012-05-16T01:00:00","guid":{"rendered":"http:\/\/formalprision.info\/2012\/05\/16\/espeluznante-relato-del-homicida-recien\/"},"modified":"2015-06-03T08:52:11","modified_gmt":"2015-06-03T08:52:11","slug":"espeluznante-relato-del-homicida-recien","status":"publish","type":"post","link":"https:\/\/formalprision.com\/?p=6944","title":{"rendered":"Espeluznante relato del homicida reci\u00e9n casado de Francisco de Montejo"},"content":{"rendered":"<p><\/p>\n<div class=\"separator\" style=\"clear: both; text-align: center;\"><a href=\"http:\/\/2.bp.blogspot.com\/-A2_2ZlOpBEg\/T7Lo0wlCMsI\/AAAAAAAAG3E\/1m9wpn3jjjw\/s1600\/aaespelus+espeluz+espleluz.jpg\" imageanchor=\"1\" style=\"margin-left: 1em; margin-right: 1em;\"><img loading=\"lazy\" decoding=\"async\" border=\"0\" height=\"239\" src=\"http:\/\/formalprision.com\/wp-content\/uploads\/2012\/05\/aaespelus-espeluz-espleluz.jpg\" width=\"320\" \/><\/a><\/div>\n<div class=\"MsoNormal\" style=\"background-attachment: initial; background-clip: initial; background-color: white; background-image: initial; background-origin: initial; background-position: initial initial; background-repeat: initial initial; text-align: justify;\">Una noche de alcohol en exceso precedi\u00f3 al horrendo crimen de una ni\u00f1a de Izamal que fue violada y asesinada por su propio t\u00edo.<\/div>\n<div class=\"MsoNormal\" style=\"background-attachment: initial; background-clip: initial; background-color: white; background-image: initial; background-origin: initial; background-position: initial initial; background-repeat: initial initial; text-align: justify;\">El asesino, que fue arraigado hoy, result\u00f3 ser el dise\u00f1ador gr\u00e1fico meridano &nbsp;Alfredo Vela Mu\u00f1oz, vecino del fraccionamiento Francisco de Montejo.<\/div>\n<div class=\"MsoNormal\" style=\"background-attachment: initial; background-clip: initial; background-color: white; background-image: initial; background-origin: initial; background-position: initial initial; background-repeat: initial initial; margin-bottom: 0.0001pt; text-align: justify;\">El sujeto fue presentado este d\u00eda ante la Juez Quinto Penal, Marisa Virginia Polanco Sabido, aunque no emiti\u00f3 declaraciones, aunque por momentos dio muestra de estar arrepentido.<\/div>\n<div class=\"MsoNormal\" style=\"background-attachment: initial; background-clip: initial; background-color: white; background-image: initial; background-origin: initial; background-position: initial initial; background-repeat: initial initial; margin-bottom: 0.0001pt; text-align: justify;\">Dijo estar reci\u00e9n casado, tener 28 a\u00f1os de edad, ser dise\u00f1ador gr\u00e1fico y con domicilio en el fraccionamiento Francisco de Montejo.<\/div>\n<div class=\"MsoNormal\" style=\"background-attachment: initial; background-clip: initial; background-color: white; background-image: initial; background-origin: initial; background-position: initial initial; background-repeat: initial initial; margin-bottom: 0.0001pt; text-align: justify;\">Fue arraigado por los delitos de homicidio calificado y violaci\u00f3n equiparada en agravio de la menor Frida Sof\u00eda Vela Ruiz, hechos denunciados por los padres de la ni\u00f1a, H\u00e9ctor Vela Mu\u00f1oz y Ana Lilia Ruiz Torres.<\/div>\n<div class=\"MsoNormal\" style=\"background-attachment: initial; background-clip: initial; background-color: white; background-image: initial; background-origin: initial; background-position: initial initial; background-repeat: initial initial; margin-bottom: 0.0001pt; text-align: justify;\">Agentes de la Polic\u00eda Ministerial del Estado<\/div>\n<div class=\"MsoNormal\" style=\"background-attachment: initial; background-clip: initial; background-color: white; background-image: initial; background-origin: initial; background-position: initial initial; background-repeat: initial initial; margin-bottom: 0.0001pt; text-align: justify;\">encabezados por su director Marco Antonio Calder\u00f3n Patr\u00f3n, trasladaron al sujeto al Juzgado para que fuera arraigado.<\/div>\n<div class=\"MsoNormal\" style=\"background-attachment: initial; background-clip: initial; background-color: white; background-image: initial; background-origin: initial; background-position: initial initial; background-repeat: initial initial; margin-bottom: 0.0001pt; text-align: justify;\">Seg\u00fan el expediente, el presunto homicida acudi\u00f3 a una fiesta en Izamal acompa\u00f1ado por su esposa, Lisie Couoh Ruiz y estuvo con su &nbsp;hermano H\u00e9ctor y su cu\u00f1ada Ana Lilia, padres de la menor asesinada.<\/div>\n<div class=\"MsoNormal\" style=\"background-attachment: initial; background-clip: initial; background-color: white; background-image: initial; background-origin: initial; background-position: initial initial; background-repeat: initial initial; margin-bottom: 0.0001pt; text-align: justify;\">El cad\u00e1ver de la ni\u00f1a fue hallado hasta que todos despertaron de la fiesta, en &nbsp;el fondo del terreno de la casa, junto a unas matas de pl\u00e1tano.<\/div>\n<div class=\"MsoNormal\" style=\"background-attachment: initial; background-clip: initial; background-color: white; background-image: initial; background-origin: initial; background-position: initial initial; background-repeat: initial initial; margin-bottom: 0.0001pt; text-align: justify;\">Ya amaneciendo, seg\u00fan las primeras pesquisas, el sujeto tom\u00f3 a la menor de la hamaca en la que dorm\u00eda y la llev\u00f3 al patio.<\/div>\n<div class=\"MsoNormal\" style=\"background-attachment: initial; background-clip: initial; background-color: white; background-image: initial; background-origin: initial; background-position: initial initial; background-repeat: initial initial; margin-bottom: 0.0001pt; text-align: justify;\">En el lugar abus\u00f3 de ella, incluso con los dedos, pero la menor opuso resistencia y al parecer al reconocer que era su t\u00edo, \u00e9ste decidi\u00f3 matarla.<\/div>\n<div class=\"MsoNormal\" style=\"background-attachment: initial; background-clip: initial; background-color: white; background-image: initial; background-origin: initial; background-position: initial initial; background-repeat: initial initial; margin-bottom: 0.0001pt; text-align: justify;\">La golpe\u00f3 en la cara con los pu\u00f1os, luego tom\u00f3 una madera y nuevamente la agredi\u00f3.<\/div>\n<div class=\"MsoNormal\" style=\"background-attachment: initial; background-clip: initial; background-color: white; background-image: initial; background-origin: initial; background-position: initial initial; background-repeat: initial initial; margin-bottom: 0.0001pt; text-align: justify;\">Cuando la ni\u00f1a estaba inconsciente en el suelo, la golpe\u00f3 en la cabeza con una piedra.<\/div>\n<div class=\"MsoNormal\" style=\"background-attachment: initial; background-clip: initial; background-color: white; background-image: initial; background-origin: initial; background-position: initial initial; background-repeat: initial initial; margin-bottom: 0.0001pt; text-align: justify;\">La polic\u00eda sospech\u00f3 de \u00e9l porque ten\u00eda manchas de sangre en la ropa, aunque \u00e9l dijo que se hab\u00eda manchado al cargar a la menor cuando encontr\u00f3 el cad\u00e1ver.<\/div>\n<div class=\"MsoNormal\" style=\"background-attachment: initial; background-clip: initial; background-color: white; background-image: initial; background-origin: initial; background-position: initial initial; background-repeat: initial initial; margin-bottom: 0.0001pt; text-align: justify;\">Sin embargo, la mam\u00e1 de la ni\u00f1a dijo que esto era falso porque fue ella quien carg\u00f3 el cuerpo de la peque\u00f1ita.<\/div>\n<div class=\"MsoNormal\" style=\"background-attachment: initial; background-clip: initial; background-color: white; background-image: initial; background-origin: initial; background-position: initial initial; background-repeat: initial initial; margin-bottom: 0.0001pt; text-align: justify;\">Permanecer\u00e1 ahora 30 d\u00edas arraigados en la Fiscal\u00eda mientras la autoridad re\u00fane pruebas suficientes para consignarlo.<\/div>\n","protected":false},"excerpt":{"rendered":"<p>Una noche de alcohol en exceso precedi\u00f3 al horrendo crimen de una ni\u00f1a de Izamal que fue violada y asesinada por su propio t\u00edo. El asesino, que fue arraigado hoy,<\/p>\n","protected":false},"author":1,"featured_media":23983,"comment_status":"open","ping_status":"open","sticky":false,"template":"","format":"standard","meta":{"jetpack_post_was_ever_published":false,"_jetpack_newsletter_access":"","_jetpack_dont_email_post_to_subs":false,"_jetpack_newsletter_tier_id":0,"_jetpack_memberships_contains_paywalled_content":false,"_jetpack_memberships_contains_paid_content":false,"footnotes":"","jetpack_publicize_message":"","jetpack_publicize_feature_enabled":true,"jetpack_social_post_already_shared":false,"jetpack_social_options":{"image_generator_settings":{"template":"highway","default_image_id":0,"font":"","enabled":false},"version":2}},"categories":[59,3,1,55],"tags":[],"class_list":["post-6944","post","type-post","status-publish","format-standard","has-post-thumbnail","hentry","category-asesinos","category-portada","category-sin-categoria","category-violines"],"jetpack_publicize_connections":[],"jetpack_featured_media_url":"https:\/\/formalprision.com\/wp-content\/uploads\/2012\/05\/aaespelus-espeluz-espleluz.jpg","jetpack_sharing_enabled":true,"jetpack_shortlink":"https:\/\/wp.me\/p6id8p-1O0","_links":{"self":[{"href":"https:\/\/formalprision.com\/index.php?rest_route=\/wp\/v2\/posts\/6944","targetHints":{"allow":["GET"]}}],"collection":[{"href":"https:\/\/formalprision.com\/index.php?rest_route=\/wp\/v2\/posts"}],"about":[{"href":"https:\/\/formalprision.com\/index.php?rest_route=\/wp\/v2\/types\/post"}],"author":[{"embeddable":true,"href":"https:\/\/formalprision.com\/index.php?rest_route=\/wp\/v2\/users\/1"}],"replies":[{"embeddable":true,"href":"https:\/\/formalprision.com\/index.php?rest_route=%2Fwp%2Fv2%2Fcomments&post=6944"}],"version-history":[{"count":0,"href":"https:\/\/formalprision.com\/index.php?rest_route=\/wp\/v2\/posts\/6944\/revisions"}],"wp:featuredmedia":[{"embeddable":true,"href":"https:\/\/formalprision.com\/index.php?rest_route=\/wp\/v2\/media\/23983"}],"wp:attachment":[{"href":"https:\/\/formalprision.com\/index.php?rest_route=%2Fwp%2Fv2%2Fmedia&parent=6944"}],"wp:term":[{"taxonomy":"category","embeddable":true,"href":"https:\/\/formalprision.com\/index.php?rest_route=%2Fwp%2Fv2%2Fcategories&post=6944"},{"taxonomy":"post_tag","embeddable":true,"href":"https:\/\/formalprision.com\/index.php?rest_route=%2Fwp%2Fv2%2Ftags&post=6944"}],"curies":[{"name":"wp","href":"https:\/\/api.w.org\/{rel}","templated":true}]}}