{"id":6945,"date":"2012-05-15T21:53:00","date_gmt":"2012-05-15T21:53:00","guid":{"rendered":"http:\/\/formalprision.info\/2012\/05\/15\/arraigado-por-violar-y-asesinar-su\/"},"modified":"2015-06-03T08:52:12","modified_gmt":"2015-06-03T08:52:12","slug":"arraigado-por-violar-y-asesinar-su","status":"publish","type":"post","link":"https:\/\/formalprision.com\/?p=6945","title":{"rendered":"Arraigado por violar y asesinar a su sobrinita de 4 a\u00f1os"},"content":{"rendered":"<p><\/p>\n<div class=\"separator\" style=\"clear: both; text-align: center;\"><a href=\"http:\/\/1.bp.blogspot.com\/-NfR6CBvooNI\/T7LQFVXZZtI\/AAAAAAAAG24\/YpB5R6KFYBQ\/s1600\/aaaarraigado+desese.jpg\" imageanchor=\"1\" style=\"margin-left: 1em; margin-right: 1em;\"><img loading=\"lazy\" decoding=\"async\" border=\"0\" height=\"213\" src=\"http:\/\/formalprision.com\/wp-content\/uploads\/2012\/05\/aaaarraigado-desese.jpg\" width=\"320\" \/><\/a><\/div>\n<div class=\"ecxMsoNormal\" style=\"line-height: 115%; text-align: justify;\">Por los delitos de <b>homicidio  calificado y violaci\u00f3n equiparada<\/b>, el Juez Quinto Penal concedi\u00f3 el arraigo de <b>Oscar Alfredo Vela Mu\u00f1oz<\/b>, presunto responsable de  la muerte de su sobrina de 4 a\u00f1os de edad, a quien le ocasion\u00f3 la muerte luego  de agredirla sexualmente en Izamal.<\/div>\n<div class=\"ecxMsoNormal\" style=\"line-height: 115%; text-align: justify;\">De acuerdo con la solicitud de arraigo  realizada por la Fiscal\u00eda General del Estado, Vela Mu\u00f1oz presuntamente atac\u00f3 a  la menor el d\u00eda 13 de mayo de los corrientes en un predio de la calle 23 por 24  de Izamal, propiedad de la abuela del inculpado, en donde la noche anterior se  llev\u00f3 a cabo una fiesta.<\/div>\n<div class=\"ecxMsoNormal\" style=\"line-height: 115%; text-align: justify;\">El resultado de la necropsia indica  que la peque\u00f1a v\u00edctima falleci\u00f3 por traumatismo craneoencef\u00e1lico, a consecuencia  de un golpe en la cabeza que presuntamente le fue propinado con una piedra por  Vela Mu\u00f1oz, despu\u00e9s de que \u00e9ste la atac\u00f3 sexualmente.<\/div>\n<div class=\"ecxMsoNormal\" style=\"line-height: 115%; text-align: justify;\"><\/div>\n<div class=\"ecxMsoNormal\" style=\"line-height: 115%; text-align: justify;\">Se asienta en el expediente que al  percatarse de la ausencia de la ni\u00f1a, sus familiares comenzaron su b\u00fasqueda y  fue el inculpado quien les inform\u00f3 haberla encontrado tirada debajo de unos  arbustos cerca de la entrada de la casa.<\/div>\n<div class=\"ecxMsoNormal\" style=\"line-height: 115%; text-align: justify;\">Como probable responsable del  homicidio, Vela Mu\u00f1oz fue sujeto a la medida cautelar a fin de evitar que se  extraiga de la acci\u00f3n de la justicia, en tanto se realizan las diligencias  correspondientes para la integraci\u00f3n del expediente y en su caso se solicite la  orden de aprehensi\u00f3n en su contra. El sujeto ya fue ingresado al Centro Estatal  de Arrigo de la Fiscal\u00eda General del Estado<\/div>\n","protected":false},"excerpt":{"rendered":"<p>Por los delitos de homicidio calificado y violaci\u00f3n equiparada, el Juez Quinto Penal concedi\u00f3 el arraigo de Oscar Alfredo Vela Mu\u00f1oz, presunto responsable de la muerte de su sobrina de<\/p>\n","protected":false},"author":1,"featured_media":23985,"comment_status":"open","ping_status":"open","sticky":false,"template":"","format":"standard","meta":{"jetpack_post_was_ever_published":false,"_jetpack_newsletter_access":"","_jetpack_dont_email_post_to_subs":false,"_jetpack_newsletter_tier_id":0,"_jetpack_memberships_contains_paywalled_content":false,"_jetpack_memberships_contains_paid_content":false,"footnotes":"","jetpack_publicize_message":"","jetpack_publicize_feature_enabled":true,"jetpack_social_post_already_shared":false,"jetpack_social_options":{"image_generator_settings":{"template":"highway","default_image_id":0,"font":"","enabled":false},"version":2}},"categories":[59,3,1,55],"tags":[],"class_list":["post-6945","post","type-post","status-publish","format-standard","has-post-thumbnail","hentry","category-asesinos","category-portada","category-sin-categoria","category-violines"],"jetpack_publicize_connections":[],"jetpack_featured_media_url":"https:\/\/formalprision.com\/wp-content\/uploads\/2012\/05\/aaaarraigado-desese.jpg","jetpack_sharing_enabled":true,"jetpack_shortlink":"https:\/\/wp.me\/p6id8p-1O1","_links":{"self":[{"href":"https:\/\/formalprision.com\/index.php?rest_route=\/wp\/v2\/posts\/6945","targetHints":{"allow":["GET"]}}],"collection":[{"href":"https:\/\/formalprision.com\/index.php?rest_route=\/wp\/v2\/posts"}],"about":[{"href":"https:\/\/formalprision.com\/index.php?rest_route=\/wp\/v2\/types\/post"}],"author":[{"embeddable":true,"href":"https:\/\/formalprision.com\/index.php?rest_route=\/wp\/v2\/users\/1"}],"replies":[{"embeddable":true,"href":"https:\/\/formalprision.com\/index.php?rest_route=%2Fwp%2Fv2%2Fcomments&post=6945"}],"version-history":[{"count":0,"href":"https:\/\/formalprision.com\/index.php?rest_route=\/wp\/v2\/posts\/6945\/revisions"}],"wp:featuredmedia":[{"embeddable":true,"href":"https:\/\/formalprision.com\/index.php?rest_route=\/wp\/v2\/media\/23985"}],"wp:attachment":[{"href":"https:\/\/formalprision.com\/index.php?rest_route=%2Fwp%2Fv2%2Fmedia&parent=6945"}],"wp:term":[{"taxonomy":"category","embeddable":true,"href":"https:\/\/formalprision.com\/index.php?rest_route=%2Fwp%2Fv2%2Fcategories&post=6945"},{"taxonomy":"post_tag","embeddable":true,"href":"https:\/\/formalprision.com\/index.php?rest_route=%2Fwp%2Fv2%2Ftags&post=6945"}],"curies":[{"name":"wp","href":"https:\/\/api.w.org\/{rel}","templated":true}]}}