{"id":6947,"date":"2012-05-15T20:00:00","date_gmt":"2012-05-15T20:00:00","guid":{"rendered":"http:\/\/formalprision.info\/2012\/05\/15\/a-prision-desvalijador-de-coches\/"},"modified":"2015-06-03T08:52:12","modified_gmt":"2015-06-03T08:52:12","slug":"a-prision-desvalijador-de-coches","status":"publish","type":"post","link":"https:\/\/formalprision.com\/?p=6947","title":{"rendered":"A prisi\u00f3n desvalijador de coches especialista en Tsurus"},"content":{"rendered":"<p><\/p>\n<div class=\"separator\" style=\"clear: both; text-align: center;\"><a href=\"http:\/\/1.bp.blogspot.com\/-6jJsDjSNfzI\/T7H8LwtBVNI\/AAAAAAAAG2Q\/BtdTsEQ29Zs\/s1600\/aaadesvalijarse.JPG\" imageanchor=\"1\" style=\"margin-left: 1em; margin-right: 1em;\"><img loading=\"lazy\" decoding=\"async\" border=\"0\" height=\"240\" src=\"http:\/\/formalprision.com\/wp-content\/uploads\/2012\/05\/aaadesvalijarse.jpg\" width=\"320\" \/><\/a><\/div>\n<div class=\"MsoNormal\" style=\"background-attachment: initial; background-clip: initial; background-color: white; background-image: initial; background-origin: initial; background-position: initial initial; background-repeat: initial initial; margin-bottom: 0.0001pt;\">Acusado de robar en un veh\u00edculo estacionado, Jos\u00e9 Alejandro Gonz\u00e1lez Pech fue detenido y consignado a un Juzgado Penal.<\/div>\n<div class=\"MsoNormal\" style=\"background-attachment: initial; background-clip: initial; background-color: white; background-image: initial; background-origin: initial; background-position: initial initial; background-repeat: initial initial; margin-bottom: 0.0001pt;\">El sujeto se robaba &nbsp;un autoest\u00e9reo cuando fue sorprendido por los polic\u00edas, quienes le decomisaron un desarmador y varias llaves con las que presuntamente abr\u00eda los veh\u00edculos en los que robaba.<\/div>\n<div class=\"MsoNormal\" style=\"background-attachment: initial; background-clip: initial; background-color: white; background-image: initial; background-origin: initial; background-position: initial initial; background-repeat: initial initial; margin-bottom: 0.0001pt;\">El sujeto declar\u00f3 en el Juzgado Primero Penal, acusado de robo de veh\u00edculo automotor, por denuncia por Pedro Alberto S\u00e1nchez Cruz.<\/div>\n<div class=\"MsoNormal\" style=\"background-attachment: initial; background-clip: initial; background-color: white; background-image: initial; background-origin: initial; background-position: initial initial; background-repeat: initial initial; margin-bottom: 0.0001pt;\">Seg\u00fan el expediente, el denunciante dej\u00f3 su Tsuru placas YZY-3103<\/div>\n<div class=\"MsoNormal\" style=\"background-attachment: initial; background-clip: initial; background-color: white; background-image: initial; background-origin: initial; background-position: initial initial; background-repeat: initial initial; margin-bottom: 0.0001pt;\">estacionado en la calle 110 entre 79 y 81 de la colonia Sambul\u00e1.<\/div>\n<div class=\"MsoNormal\" style=\"background-attachment: initial; background-clip: initial; background-color: white; background-image: initial; background-origin: initial; background-position: initial initial; background-repeat: initial initial; margin-bottom: 0.0001pt;\">Entr\u00f3 a su trabajo y al poco rato, el vigilante de la empresa le dijo que estaban robado en su veh\u00edculo.<\/div>\n<div class=\"MsoNormal\" style=\"background-attachment: initial; background-clip: initial; background-color: white; background-image: initial; background-origin: initial; background-position: initial initial; background-repeat: initial initial; margin-bottom: 0.0001pt;\">Al salir, constat\u00f3 que la polic\u00eda ya lo ten\u00eda detenido, pues fue sorprendido cuando estaba al volante del veh\u00edculo.<\/div>\n<div class=\"MsoNormal\" style=\"background-attachment: initial; background-clip: initial; background-color: white; background-image: initial; background-origin: initial; background-position: initial initial; background-repeat: initial initial; margin-bottom: 0.0001pt;\">Cerca estaba la motocicleta Suzuki 125 matr\u00edcula 8MGK4, en la que hab\u00eda llegado el presunto ladr\u00f3n, a quien ya hab\u00eda desarmado el est\u00e9reo.<\/div>\n<div class=\"MsoNormal\" style=\"background-attachment: initial; background-clip: initial; background-color: white; background-image: initial; background-origin: initial; background-position: initial initial; background-repeat: initial initial; margin-bottom: 0.0001pt;\">Se le encontraron dos &nbsp;buj\u00edas, con las que presuntamente daba cristalazos, un par de pinzas y dos llaves maestras para abrir veh\u00edculos Tsurus.<\/div>\n<div class=\"MsoNormal\" style=\"background-attachment: initial; background-clip: initial; background-color: white; background-image: initial; background-origin: initial; background-position: initial initial; background-repeat: initial initial; margin-bottom: 0.0001pt;\">Sin embargo, en su declaraci\u00f3n el detenido neg\u00f3 los hechos y que lo obligaron a aceptar el robo.<\/div>\n<div class=\"MsoNormal\" style=\"background-attachment: initial; background-clip: initial; background-color: white; background-image: initial; background-origin: initial; background-position: initial initial; background-repeat: initial initial; margin-bottom: 0.0001pt;\">Dijo que no sabe manejar, aunque no res prueba suficiente, pues la polic\u00eda lo se\u00f1ala como desvalijador de autos (Acom).<\/div>\n<p>Dijo que la moto es de su t\u00edo y le sirve para trabajar<\/p>\n","protected":false},"excerpt":{"rendered":"<p>Acusado de robar en un veh\u00edculo estacionado, Jos\u00e9 Alejandro Gonz\u00e1lez Pech fue detenido y consignado a un Juzgado Penal. El sujeto se robaba &nbsp;un autoest\u00e9reo cuando fue sorprendido por los<\/p>\n","protected":false},"author":1,"featured_media":23989,"comment_status":"open","ping_status":"open","sticky":false,"template":"","format":"standard","meta":{"jetpack_post_was_ever_published":false,"_jetpack_newsletter_access":"","_jetpack_dont_email_post_to_subs":false,"_jetpack_newsletter_tier_id":0,"_jetpack_memberships_contains_paywalled_content":false,"_jetpack_memberships_contains_paid_content":false,"footnotes":"","jetpack_publicize_message":"","jetpack_publicize_feature_enabled":true,"jetpack_social_post_already_shared":false,"jetpack_social_options":{"image_generator_settings":{"template":"highway","default_image_id":0,"font":"","enabled":false},"version":2}},"categories":[3,57,1],"tags":[],"class_list":["post-6947","post","type-post","status-publish","format-standard","has-post-thumbnail","hentry","category-portada","category-ratas","category-sin-categoria"],"jetpack_publicize_connections":[],"jetpack_featured_media_url":"https:\/\/formalprision.com\/wp-content\/uploads\/2012\/05\/aaadesvalijarse.jpg","jetpack_sharing_enabled":true,"jetpack_shortlink":"https:\/\/wp.me\/p6id8p-1O3","_links":{"self":[{"href":"https:\/\/formalprision.com\/index.php?rest_route=\/wp\/v2\/posts\/6947","targetHints":{"allow":["GET"]}}],"collection":[{"href":"https:\/\/formalprision.com\/index.php?rest_route=\/wp\/v2\/posts"}],"about":[{"href":"https:\/\/formalprision.com\/index.php?rest_route=\/wp\/v2\/types\/post"}],"author":[{"embeddable":true,"href":"https:\/\/formalprision.com\/index.php?rest_route=\/wp\/v2\/users\/1"}],"replies":[{"embeddable":true,"href":"https:\/\/formalprision.com\/index.php?rest_route=%2Fwp%2Fv2%2Fcomments&post=6947"}],"version-history":[{"count":0,"href":"https:\/\/formalprision.com\/index.php?rest_route=\/wp\/v2\/posts\/6947\/revisions"}],"wp:featuredmedia":[{"embeddable":true,"href":"https:\/\/formalprision.com\/index.php?rest_route=\/wp\/v2\/media\/23989"}],"wp:attachment":[{"href":"https:\/\/formalprision.com\/index.php?rest_route=%2Fwp%2Fv2%2Fmedia&parent=6947"}],"wp:term":[{"taxonomy":"category","embeddable":true,"href":"https:\/\/formalprision.com\/index.php?rest_route=%2Fwp%2Fv2%2Fcategories&post=6947"},{"taxonomy":"post_tag","embeddable":true,"href":"https:\/\/formalprision.com\/index.php?rest_route=%2Fwp%2Fv2%2Ftags&post=6947"}],"curies":[{"name":"wp","href":"https:\/\/api.w.org\/{rel}","templated":true}]}}