{"id":6957,"date":"2012-05-12T02:30:00","date_gmt":"2012-05-12T02:30:00","guid":{"rendered":"http:\/\/formalprision.info\/2012\/05\/12\/detenida-otra-integrante-de-la-banda-de\/"},"modified":"2015-06-03T08:52:16","modified_gmt":"2015-06-03T08:52:16","slug":"detenida-otra-integrante-de-la-banda-de","status":"publish","type":"post","link":"https:\/\/formalprision.com\/?p=6957","title":{"rendered":"Detenida otra integrante de la banda de asaltantes de la joyer\u00eda Bauer de Altabrisa"},"content":{"rendered":"<p><\/p>\n<div class=\"separator\" style=\"clear: both; text-align: center;\"><a href=\"http:\/\/2.bp.blogspot.com\/-3IKZQgVXiO4\/T61FLytFOaI\/AAAAAAAAGzw\/QeqgVR3QmkQ\/s1600\/aachambas.jpg\" imageanchor=\"1\" style=\"margin-left: 1em; margin-right: 1em;\"><img loading=\"lazy\" decoding=\"async\" border=\"0\" height=\"140\" src=\"http:\/\/formalprision.com\/wp-content\/uploads\/2012\/05\/aachambas.jpg\" width=\"320\" \/><\/a><\/div>\n<div class=\"MsoNormal\">Personal de la &nbsp;Secretar\u00eda de Marina detuvo a una mujer miembro de una banda de asaltantes de joyer\u00edas, perteneciente al mismo grupo delictivo que atrac\u00f3 la relojer\u00eda Bauer de Altabrisa.<\/div>\n<div class=\"MsoNormal\">La mujer y otros sujetos que se dieron a la fuga asaltaron la joyer\u00eda de una tienda departamental en la Plaza las Am\u00e9ricas, en Veracruz.<br \/>El robo fue cometido por una banda de siete individuos, quienes seg\u00fan testigos portaban un arma larga, bates de beisbol y martillos.<\/div>\n<div class=\"MsoNormal\">Los ladrones huyeron llevando consigo algunas joyas.<br \/>La Polic\u00eda Naval fue alertada sobre la presencia de una persona del sexo femenino que ingres\u00f3 a una conocida plaza comercial ubicada en la&nbsp; Zona Norte de ese puerto en actitud sospechosa y probablemente armada.<br \/>&nbsp;De manera inmediata, personal de la Polic\u00eda Naval se dirigi\u00f3 al lugar donde tras efectuar una inspecci\u00f3n minuciosa, encontr\u00f3 a la mujer con 188 relojes, 87 anillos, dos armas de fuego, una calibre 45 con seis cartuchos \u00fatiles y una calibre 38, procediendo al aseguramiento de la persona, misma que responde al nombre de Carolina Rosales Rosales, de 19 a\u00f1os de edad, originaria de Chetumal, Quintana Roo.<br \/>&nbsp;Al preguntarle sobre la procedencia de las joyas y las armas, manifest\u00f3 pertenecer al crimen organizado y ser integrante de una banda dedicada a cometer asaltos en tiendas y almacenes de prestigio a nivel nacional, reconociendo que el d\u00eda de ayer citada organizaci\u00f3n cometi\u00f3 el asalto a una tienda departamental localizada en plaza Las Am\u00e9ricas; cabe mencionar que los art\u00edculos recuperados corresponden casi a la totalidad de ese robo.<\/div>\n<div class=\"MsoNormal\">En M\u00e9rida, hace tres a\u00f1os, esta misma banda cometi\u00f3 un atraco similar en la joyer\u00eda B\u00e1uer y en esa ocasi\u00f3n, la SSP, la&nbsp; Polic\u00eda Federal y la entonces Procuradur\u00eda de Justicia lograron detener a la mayor\u00eda de los asaltantes, aunque el jefe de la banda contin\u00faa pr\u00f3fugo.<\/div>\n<div class=\"MsoNormal\">Esta banda contrata asaltantes para cometer los asaltantes en cada estado, incluso hicieron lo mismo en Cozumel el a\u00f1o pasado.<\/div>\n<p>Solo el l\u00edder de la banda y dos o tres importantes operadores son miembros permanentes de esta banda, aunque no participan f\u00edsicamente en los asaltos,&nbsp;<br \/>ya que utilizan siempre a una mujer para recoger las joyas<br \/>Se investigar\u00e1 si Rosales Rosales particip\u00f3 en el asalto en M\u00e9rida<\/p>\n","protected":false},"excerpt":{"rendered":"<p>Personal de la &nbsp;Secretar\u00eda de Marina detuvo a una mujer miembro de una banda de asaltantes de joyer\u00edas, perteneciente al mismo grupo delictivo que atrac\u00f3 la relojer\u00eda Bauer de Altabrisa.<\/p>\n","protected":false},"author":1,"featured_media":24009,"comment_status":"open","ping_status":"open","sticky":false,"template":"","format":"standard","meta":{"jetpack_post_was_ever_published":false,"_jetpack_newsletter_access":"","_jetpack_dont_email_post_to_subs":false,"_jetpack_newsletter_tier_id":0,"_jetpack_memberships_contains_paywalled_content":false,"_jetpack_memberships_contains_paid_content":false,"footnotes":"","jetpack_publicize_message":"","jetpack_publicize_feature_enabled":true,"jetpack_social_post_already_shared":false,"jetpack_social_options":{"image_generator_settings":{"template":"highway","default_image_id":0,"font":"","enabled":false},"version":2}},"categories":[45,3,57,1],"tags":[],"class_list":["post-6957","post","type-post","status-publish","format-standard","has-post-thumbnail","hentry","category-delincuentes-vip","category-portada","category-ratas","category-sin-categoria"],"jetpack_publicize_connections":[],"jetpack_featured_media_url":"https:\/\/formalprision.com\/wp-content\/uploads\/2012\/05\/aachambas.jpg","jetpack_sharing_enabled":true,"jetpack_shortlink":"https:\/\/wp.me\/p6id8p-1Od","_links":{"self":[{"href":"https:\/\/formalprision.com\/index.php?rest_route=\/wp\/v2\/posts\/6957","targetHints":{"allow":["GET"]}}],"collection":[{"href":"https:\/\/formalprision.com\/index.php?rest_route=\/wp\/v2\/posts"}],"about":[{"href":"https:\/\/formalprision.com\/index.php?rest_route=\/wp\/v2\/types\/post"}],"author":[{"embeddable":true,"href":"https:\/\/formalprision.com\/index.php?rest_route=\/wp\/v2\/users\/1"}],"replies":[{"embeddable":true,"href":"https:\/\/formalprision.com\/index.php?rest_route=%2Fwp%2Fv2%2Fcomments&post=6957"}],"version-history":[{"count":0,"href":"https:\/\/formalprision.com\/index.php?rest_route=\/wp\/v2\/posts\/6957\/revisions"}],"wp:featuredmedia":[{"embeddable":true,"href":"https:\/\/formalprision.com\/index.php?rest_route=\/wp\/v2\/media\/24009"}],"wp:attachment":[{"href":"https:\/\/formalprision.com\/index.php?rest_route=%2Fwp%2Fv2%2Fmedia&parent=6957"}],"wp:term":[{"taxonomy":"category","embeddable":true,"href":"https:\/\/formalprision.com\/index.php?rest_route=%2Fwp%2Fv2%2Fcategories&post=6957"},{"taxonomy":"post_tag","embeddable":true,"href":"https:\/\/formalprision.com\/index.php?rest_route=%2Fwp%2Fv2%2Ftags&post=6957"}],"curies":[{"name":"wp","href":"https:\/\/api.w.org\/{rel}","templated":true}]}}