{"id":6973,"date":"2012-05-08T22:30:00","date_gmt":"2012-05-08T22:30:00","guid":{"rendered":"http:\/\/formalprision.info\/2012\/05\/08\/congelaran-las-cuentas-de-los\/"},"modified":"2015-06-03T08:52:19","modified_gmt":"2015-06-03T08:52:19","slug":"congelaran-las-cuentas-de-los","status":"publish","type":"post","link":"https:\/\/formalprision.com\/?p=6973","title":{"rendered":"Congelar\u00e1n las cuentas de los secuestradores de Pensiones"},"content":{"rendered":"<p><\/p>\n<div class=\"separator\" style=\"clear: both; text-align: center;\"><a href=\"http:\/\/1.bp.blogspot.com\/-f-thzP6Asd0\/T6mk3l8H1FI\/AAAAAAAAGxE\/CTgeuHOpz6Y\/s1600\/aaabaritono+baritono.jpg\" imageanchor=\"1\" style=\"margin-left: 1em; margin-right: 1em;\"><img loading=\"lazy\" decoding=\"async\" border=\"0\" height=\"213\" src=\"http:\/\/formalprision.com\/wp-content\/uploads\/2012\/05\/aaabaritono-baritono.jpg\" width=\"320\" \/><\/a><\/div>\n<div style=\"background: white; line-height: 19.2pt; text-align: justify;\">Al continuar las diligencias por el secuestro de un empresario for\u00e1neo y su acompa\u00f1ante, agentes polic\u00edacos catearon y aseguraron &nbsp;dos residencias m\u00e1s del grupo delictivo en Pensiones.<\/div>\n<div style=\"background: white; line-height: 19.2pt; text-align: justify;\">La polic\u00eda hall\u00f3 evidencias de los delincuentes as\u00ed como informaci\u00f3n valiosa en algunas computadoras.<\/div>\n<div style=\"background: white; line-height: 19.2pt; text-align: justify;\">En el operativo participaron agentes de la Polic\u00eda Federal y de la Secretar\u00eda de Seguridad P\u00fablica, aunque las pesquisas corren a cargo de la Polic\u00eda Ministerial de la Fiscal\u00eda General del Estado.<\/div>\n<div style=\"background: white; line-height: 19.2pt; text-align: justify;\">Trascendi\u00f3 que la Fiscal\u00eda ha solicitado ya a la Comisi\u00f3n Nacional Bancaria y de Valores informe sobre las cuentas bancarias de Javier Sanabria Flores, l\u00edder pr\u00f3fugo del grupo delictivo, a fin de proceder a congelarlas.<\/div>\n<div style=\"background: white; line-height: 19.2pt; text-align: justify;\">Hasta el momento son tres las viviendas aseguradas al grupo delictivo, incluyendo la que se asegur\u00f3 el d\u00eda que se liber\u00f3 a los secuestrados y las dos cateadas hoy.<\/div>\n<div style=\"background: white; line-height: 19.2pt; text-align: justify;\">Las viviendas aseguradas hoy se ubican en la calle 11 No. 472 por 56 y la otra en la calle 5-F con 48, en ambos casos en Pensiones.<\/div>\n<div style=\"background: white; line-height: 19.2pt; text-align: justify;\">Se localiz\u00f3 &nbsp;ropa de los plagiarios contratados en Veracruz y cintas de pl\u00e1stico presuntamente usadas para maniatar a los secuestrados, computadoras, documentos personas y otros objetos que ser\u00e1n analizados por la autoridad ministerial. <\/div>\n<div class=\"MsoNormal\">El director de la Polic\u00eda Ministerial, Marco Antonio calder\u00f3n, inform\u00f3 al t\u00e9rmino de la diligencia que las dos casas aseguradas tienen relaci\u00f3n con la misma banda y en ambas se hallaron importantes evidencias de la actividad il\u00edcita.<\/div>\n<div class=\"MsoNormal\">Sin embargo, dijo que no se encontraron hasta el momento datos que permitan determinar que cometieron otros secuestros en Yucat\u00e1n o que hubieran tra\u00eddo a gente secuestrada de otras partes.<\/div>\n<div class=\"MsoNormal\">Las pesquisas continuar\u00e1n, pues los sujetos siguen arraigados y se mantiene la b\u00fasqueda del cabecilla pr\u00f3fugo.<\/div>\n<div class=\"MsoNormal\">&nbsp;&nbsp;&nbsp;<\/div>\n","protected":false},"excerpt":{"rendered":"<p>Al continuar las diligencias por el secuestro de un empresario for\u00e1neo y su acompa\u00f1ante, agentes polic\u00edacos catearon y aseguraron &nbsp;dos residencias m\u00e1s del grupo delictivo en Pensiones. La polic\u00eda hall\u00f3<\/p>\n","protected":false},"author":1,"featured_media":24042,"comment_status":"open","ping_status":"open","sticky":false,"template":"","format":"standard","meta":{"jetpack_post_was_ever_published":false,"_jetpack_newsletter_access":"","_jetpack_dont_email_post_to_subs":false,"_jetpack_newsletter_tier_id":0,"_jetpack_memberships_contains_paywalled_content":false,"_jetpack_memberships_contains_paid_content":false,"footnotes":"","jetpack_publicize_message":"","jetpack_publicize_feature_enabled":true,"jetpack_social_post_already_shared":false,"jetpack_social_options":{"image_generator_settings":{"template":"highway","default_image_id":0,"font":"","enabled":false},"version":2}},"categories":[45,3,1],"tags":[],"class_list":["post-6973","post","type-post","status-publish","format-standard","has-post-thumbnail","hentry","category-delincuentes-vip","category-portada","category-sin-categoria"],"jetpack_publicize_connections":[],"jetpack_featured_media_url":"https:\/\/formalprision.com\/wp-content\/uploads\/2012\/05\/aaabaritono-baritono.jpg","jetpack_sharing_enabled":true,"jetpack_shortlink":"https:\/\/wp.me\/p6id8p-1Ot","_links":{"self":[{"href":"https:\/\/formalprision.com\/index.php?rest_route=\/wp\/v2\/posts\/6973","targetHints":{"allow":["GET"]}}],"collection":[{"href":"https:\/\/formalprision.com\/index.php?rest_route=\/wp\/v2\/posts"}],"about":[{"href":"https:\/\/formalprision.com\/index.php?rest_route=\/wp\/v2\/types\/post"}],"author":[{"embeddable":true,"href":"https:\/\/formalprision.com\/index.php?rest_route=\/wp\/v2\/users\/1"}],"replies":[{"embeddable":true,"href":"https:\/\/formalprision.com\/index.php?rest_route=%2Fwp%2Fv2%2Fcomments&post=6973"}],"version-history":[{"count":0,"href":"https:\/\/formalprision.com\/index.php?rest_route=\/wp\/v2\/posts\/6973\/revisions"}],"wp:featuredmedia":[{"embeddable":true,"href":"https:\/\/formalprision.com\/index.php?rest_route=\/wp\/v2\/media\/24042"}],"wp:attachment":[{"href":"https:\/\/formalprision.com\/index.php?rest_route=%2Fwp%2Fv2%2Fmedia&parent=6973"}],"wp:term":[{"taxonomy":"category","embeddable":true,"href":"https:\/\/formalprision.com\/index.php?rest_route=%2Fwp%2Fv2%2Fcategories&post=6973"},{"taxonomy":"post_tag","embeddable":true,"href":"https:\/\/formalprision.com\/index.php?rest_route=%2Fwp%2Fv2%2Ftags&post=6973"}],"curies":[{"name":"wp","href":"https:\/\/api.w.org\/{rel}","templated":true}]}}