{"id":69746,"date":"2018-12-25T12:05:58","date_gmt":"2018-12-25T17:05:58","guid":{"rendered":"http:\/\/formalprision.com\/?p=69746"},"modified":"2018-12-25T12:05:58","modified_gmt":"2018-12-25T17:05:58","slug":"mauricio-vila-visita-a-ninos-del-area-de-oncologia-del-hospital-ohoran","status":"publish","type":"post","link":"https:\/\/formalprision.com\/?p=69746","title":{"rendered":"Mauricio Vila visita a ni\u00f1os del \u00e1rea de oncolog\u00eda del hospital \u201cO\u2019Hor\u00e1n\u201d"},"content":{"rendered":"<p>M\u00e9rida, Yucat\u00e1n, 24 de diciembre de 2018.- Ni\u00f1os y adolescentes yucatecos que debido a su delicado estado de salud pasar\u00e1n la Nochebuena y la Navidad en el hospital \u201cDr. Agust\u00edn O\u2019Hor\u00e1n\u201d, recibieron este d\u00eda la visita del Gobernador Mauricio Vila Dosal, quien adem\u00e1s de llevarles un mensaje de \u00e1nimo, comparti\u00f3 un tiempo con ellos y les entreg\u00f3 presentes.<\/p>\n<p>Como parte de sus actividades en la v\u00edspera de este festejo, el mandatario estatal, junto con su esposa Mar\u00eda Eugenia Ortiz Abraham, acudi\u00f3 al \u00e1rea de oncolog\u00eda pedi\u00e1trica de dicho nosocomio, donde distribuy\u00f3 juguetes y a cambio recibi\u00f3 la sonrisa de los 20 peque\u00f1os pacientes de esta unidad, quienes con mucha emoci\u00f3n los recibieron.<\/p>\n<p>Durante su visita a este pabell\u00f3n, el mandatario salud\u00f3 a cada uno de los ni\u00f1os y sus padres, a quienes les expres\u00f3 sus mejores deseos para que los menores se recuperen pronto y regresen a sus hogares con sus seres queridos.<\/p>\n<p>El mandatario, en compa\u00f1\u00eda de Santa Claus y su duende, recorri\u00f3 la ludoteca, la zona de hospitalizaci\u00f3n y las dem\u00e1s \u00e1reas del lugar, dando \u00e1nimos y fortaleza a los familiares, quienes agradecieron el inter\u00e9s de Vila Dosal por conocer la realidad que viven las personas que por problemas de salud permanecen en los hospitales durante estas importantes fechas.<\/p>\n<p>Entre los familiares de los pacientes, se encontraba Mariana Cristina P. F., quien desde hace una semana est\u00e1 a la espera de que su hija, Valeria N., se recupere de las reacciones que le ocasion\u00f3 la quimioterapia, puesto que en abril le detectaron leucemia linfopl\u00e1stica aguda.<\/p>\n<p>\u201cMe parece incre\u00edble que venga el Gobernador a pasar un rato con nosotros, mi hija y yo nos emocionamos mucho porque nunca pensamos que se diera el tiempo de venir y ver tambi\u00e9n las necesidades que aqu\u00ed se tienen\u201d, indic\u00f3 la mujer, originaria del municipio de Chochol\u00e1.<\/p>\n<p>La madre de la peque\u00f1a de nueve a\u00f1os, afirm\u00f3 que no ser\u00e1 f\u00e1cil pasar estas fechas en el hospital, dejar a sus otros dos hijos y ver el malestar de su ni\u00f1a. Sin embargo, ver el inter\u00e9s de los dem\u00e1s, en especial las autoridades, hace que se sientan mejor.<\/p>\n<p>Al respecto, el responsable de la Unidad de Oncolog\u00eda Pedi\u00e1trica del mencionado hospital, Francisco Pantoja Guill\u00e9n, se\u00f1al\u00f3 que actividades como \u00e9stas alientan a los pacientes y sus seres queridos a continuar con la lucha diaria que significa tener alg\u00fan padecimiento.<\/p>\n<p>Asimismo, el funcionario destac\u00f3 que de los 20 ni\u00f1os que recibieron la visita del Gobernador este d\u00eda, 13 son quienes se encuentran hospitalizados y se espera que esta tarde uno pueda recibir su alta, a fin de que puedan disfrutar la Nochebuena y Navidad con su familia.<\/p>\n<p>De igual manera, Pantoja Guill\u00e9n inform\u00f3 que al momento, la unidad da tratamiento a un total de 100 pacientes oncol\u00f3gicos menores de edad, de los cuales un 50 por ciento padece leucemia y el resto otro tipo de c\u00e1ncer.<\/p>\n<p>En ese marco, el titular del Poder Ejecutivo indic\u00f3 que se revisar\u00e1 el proyecto de rehabilitaci\u00f3n del \u00e1rea de trasplante de m\u00e9dula \u00f3sea, el cual actualmente no se encuentra funcionando.<\/p>\n","protected":false},"excerpt":{"rendered":"<p>M\u00e9rida, Yucat\u00e1n, 24 de diciembre de 2018.- Ni\u00f1os y adolescentes yucatecos que debido a su delicado estado de salud pasar\u00e1n la Nochebuena y la Navidad en el hospital \u201cDr. Agust\u00edn<\/p>\n","protected":false},"author":1,"featured_media":69747,"comment_status":"open","ping_status":"open","sticky":false,"template":"","format":"standard","meta":{"jetpack_post_was_ever_published":false,"_jetpack_newsletter_access":"","_jetpack_dont_email_post_to_subs":false,"_jetpack_newsletter_tier_id":0,"_jetpack_memberships_contains_paywalled_content":false,"_jetpack_memberships_contains_paid_content":false,"footnotes":"","jetpack_publicize_message":"","jetpack_publicize_feature_enabled":true,"jetpack_social_post_already_shared":true,"jetpack_social_options":{"image_generator_settings":{"template":"highway","default_image_id":0,"font":"","enabled":false},"version":2}},"categories":[14],"tags":[],"class_list":["post-69746","post","type-post","status-publish","format-standard","has-post-thumbnail","hentry","category-merida"],"jetpack_publicize_connections":[],"jetpack_featured_media_url":"https:\/\/formalprision.com\/wp-content\/uploads\/2018\/12\/IMG_2511.jpg","jetpack_sharing_enabled":true,"jetpack_shortlink":"https:\/\/wp.me\/p6id8p-i8W","_links":{"self":[{"href":"https:\/\/formalprision.com\/index.php?rest_route=\/wp\/v2\/posts\/69746","targetHints":{"allow":["GET"]}}],"collection":[{"href":"https:\/\/formalprision.com\/index.php?rest_route=\/wp\/v2\/posts"}],"about":[{"href":"https:\/\/formalprision.com\/index.php?rest_route=\/wp\/v2\/types\/post"}],"author":[{"embeddable":true,"href":"https:\/\/formalprision.com\/index.php?rest_route=\/wp\/v2\/users\/1"}],"replies":[{"embeddable":true,"href":"https:\/\/formalprision.com\/index.php?rest_route=%2Fwp%2Fv2%2Fcomments&post=69746"}],"version-history":[{"count":0,"href":"https:\/\/formalprision.com\/index.php?rest_route=\/wp\/v2\/posts\/69746\/revisions"}],"wp:featuredmedia":[{"embeddable":true,"href":"https:\/\/formalprision.com\/index.php?rest_route=\/wp\/v2\/media\/69747"}],"wp:attachment":[{"href":"https:\/\/formalprision.com\/index.php?rest_route=%2Fwp%2Fv2%2Fmedia&parent=69746"}],"wp:term":[{"taxonomy":"category","embeddable":true,"href":"https:\/\/formalprision.com\/index.php?rest_route=%2Fwp%2Fv2%2Fcategories&post=69746"},{"taxonomy":"post_tag","embeddable":true,"href":"https:\/\/formalprision.com\/index.php?rest_route=%2Fwp%2Fv2%2Ftags&post=69746"}],"curies":[{"name":"wp","href":"https:\/\/api.w.org\/{rel}","templated":true}]}}