{"id":69751,"date":"2018-12-25T22:54:18","date_gmt":"2018-12-26T03:54:18","guid":{"rendered":"http:\/\/formalprision.com\/?p=69751"},"modified":"2018-12-25T22:54:18","modified_gmt":"2018-12-26T03:54:18","slug":"mauricio-vila-acude-a-homenaje-luctuoso-en-puebla","status":"publish","type":"post","link":"https:\/\/formalprision.com\/?p=69751","title":{"rendered":"Mauricio Vila acude a homenaje luctuoso en Puebla"},"content":{"rendered":"<p>Puebla, 25 de diciembre de 2018.- El Gobernador de Yucat\u00e1n, Mauricio Vila Dosal, asisti\u00f3 esta tarde a la ceremonia luctuosa en memoria de su hom\u00f3loga de Puebla, Martha Erika Alonso Hidalgo, su esposo, el senador Rafael Moreno Valle y colaboradores, quienes fallecieron ayer en un lamentable accidente a\u00e9reo.<\/p>\n<p>Junto con la titular de la Secretar\u00eda de Gobernaci\u00f3n (Segob), Olga S\u00e1nchez Cordero, quien acudi\u00f3 en representaci\u00f3n del presidente Andr\u00e9s Manuel L\u00f3pez Obrador, y mandatarios de otras entidades federativas, el titular del Poder Ejecutivo yucateco realiz\u00f3 una guardia  de honor junto a las urnas que contienen los restos de ambos pol\u00edticos, en la Plaza de la Victoria de esta capital, en donde estuvieron presentes familiares y amigos de los fallecidos, as\u00ed como legisladores. <\/p>\n<p>A nombre del Gobierno de Yucat\u00e1n, Vila Dosal reiter\u00f3 a familiares y amigos el m\u00e1s sentido p\u00e9same y la pronta resignaci\u00f3n ante tan lamentable p\u00e9rdida.<\/p>\n<p>En el acto, igualmente se honr\u00f3 la memoria del asistente del tambi\u00e9n ex Gobernador poblano, H\u00e9ctor Baltazar Mendoza y de los pilotos, Roberto Coppe Obreg\u00f3n y Marco Antonio Tavera Romero, quienes tambi\u00e9n perdieron la vida en el accidente a\u00e9reo suscitado el d\u00eda de ayer. (Comunicado de Prensa)<\/p>\n","protected":false},"excerpt":{"rendered":"<p>Puebla, 25 de diciembre de 2018.- El Gobernador de Yucat\u00e1n, Mauricio Vila Dosal, asisti\u00f3 esta tarde a la ceremonia luctuosa en memoria de su hom\u00f3loga de Puebla, Martha Erika Alonso<\/p>\n","protected":false},"author":1,"featured_media":69752,"comment_status":"open","ping_status":"open","sticky":false,"template":"","format":"standard","meta":{"jetpack_post_was_ever_published":false,"_jetpack_newsletter_access":"","_jetpack_dont_email_post_to_subs":false,"_jetpack_newsletter_tier_id":0,"_jetpack_memberships_contains_paywalled_content":false,"_jetpack_memberships_contains_paid_content":false,"footnotes":"","jetpack_publicize_message":"","jetpack_publicize_feature_enabled":true,"jetpack_social_post_already_shared":true,"jetpack_social_options":{"image_generator_settings":{"template":"highway","default_image_id":0,"font":"","enabled":false},"version":2}},"categories":[17],"tags":[],"class_list":["post-69751","post","type-post","status-publish","format-standard","has-post-thumbnail","hentry","category-politica-y-gobierno"],"jetpack_publicize_connections":[],"jetpack_featured_media_url":"https:\/\/formalprision.com\/wp-content\/uploads\/2018\/12\/IMG_2512.jpg","jetpack_sharing_enabled":true,"jetpack_shortlink":"https:\/\/wp.me\/p6id8p-i91","_links":{"self":[{"href":"https:\/\/formalprision.com\/index.php?rest_route=\/wp\/v2\/posts\/69751","targetHints":{"allow":["GET"]}}],"collection":[{"href":"https:\/\/formalprision.com\/index.php?rest_route=\/wp\/v2\/posts"}],"about":[{"href":"https:\/\/formalprision.com\/index.php?rest_route=\/wp\/v2\/types\/post"}],"author":[{"embeddable":true,"href":"https:\/\/formalprision.com\/index.php?rest_route=\/wp\/v2\/users\/1"}],"replies":[{"embeddable":true,"href":"https:\/\/formalprision.com\/index.php?rest_route=%2Fwp%2Fv2%2Fcomments&post=69751"}],"version-history":[{"count":0,"href":"https:\/\/formalprision.com\/index.php?rest_route=\/wp\/v2\/posts\/69751\/revisions"}],"wp:featuredmedia":[{"embeddable":true,"href":"https:\/\/formalprision.com\/index.php?rest_route=\/wp\/v2\/media\/69752"}],"wp:attachment":[{"href":"https:\/\/formalprision.com\/index.php?rest_route=%2Fwp%2Fv2%2Fmedia&parent=69751"}],"wp:term":[{"taxonomy":"category","embeddable":true,"href":"https:\/\/formalprision.com\/index.php?rest_route=%2Fwp%2Fv2%2Fcategories&post=69751"},{"taxonomy":"post_tag","embeddable":true,"href":"https:\/\/formalprision.com\/index.php?rest_route=%2Fwp%2Fv2%2Ftags&post=69751"}],"curies":[{"name":"wp","href":"https:\/\/api.w.org\/{rel}","templated":true}]}}