{"id":6983,"date":"2012-05-06T02:08:00","date_gmt":"2012-05-06T02:08:00","guid":{"rendered":"http:\/\/formalprision.info\/2012\/05\/06\/arraigan-por-30-dias-los-secuestradores\/"},"modified":"2015-06-03T08:52:21","modified_gmt":"2015-06-03T08:52:21","slug":"arraigan-por-30-dias-los-secuestradores","status":"publish","type":"post","link":"https:\/\/formalprision.com\/?p=6983","title":{"rendered":"Arraigan por 30 d\u00edas a los secuestradores veracruzanos"},"content":{"rendered":"<p><\/p>\n<div class=\"separator\" style=\"clear: both; text-align: center;\"><a href=\"http:\/\/4.bp.blogspot.com\/--HWdCvgqf-M\/T6Xc5Tp_iuI\/AAAAAAAAGvY\/6TruYQYs_VM\/s1600\/aaaraigados+arra.jpg\" imageanchor=\"1\" style=\"margin-left: 1em; margin-right: 1em;\"><img loading=\"lazy\" decoding=\"async\" border=\"0\" height=\"213\" src=\"http:\/\/formalprision.com\/wp-content\/uploads\/2012\/05\/aaaraigados-arra.jpg\" width=\"320\" \/><\/a><\/div>\n<div class=\"ecxMsoNormal\" style=\"line-height: 115%; text-align: justify;\">A &nbsp;solicitud de la Fiscal\u00eda General del Estado, el Juzgado Octavo Penal autoriz\u00f3  el arraigo hasta por 30 d\u00edas en contra de EDGAR EDUARDO VEGA GARC\u00cdA (a) \u201cEl  borrego\u201d, HENRY MART\u00cdN MOGUEL JIM\u00c9NEZ, ENRIQUE ADOLFO ORT\u00cdZ GARC\u00cdA (a) \u201cEl  gordo\u201d, MIGUEL RAM\u00cdREZ CASTILLO y JUAN MANUEL ORT\u00cdZ GARC\u00cdA, se\u00f1alados como  presuntos responsables de secuestrar a dos personas en M\u00e9rida.<\/div>\n<div class=\"ecxMsoNormal\" style=\"line-height: 115%; text-align: justify;\">Se les acusa del delito de <b>privaci\u00f3n ilegal de la libertad y de  otras garant\u00edas<\/b>, cometido en agravio de Rogelio Mauleon Elvira y Ra\u00fal Daniel  Pimentel Sp\u00ednola.<\/div>\n<div class=\"ecxMsoNormal\" style=\"line-height: 115%; text-align: justify;\">De acuerdo a la averiguaci\u00f3n previa N\u00b0  388\/19\u00aa\/2012, con la finalidad de iniciar negocios en el Estado, Pimentel  Sp\u00ednola lleg\u00f3 a la ciudad de M\u00e9rida, en compa\u00f1\u00eda de su empleado Mauleon Elvira,  en d\u00f3nde estuvo buscando un local que le sirviera para sus fines, por lo que se  puso en contacto con un ex empleado de nombre Francisco Javier Sanabria Flores  (pr\u00f3fugo), quien lo ayudar\u00eda en la b\u00fasqueda de un establecimiento.<\/div>\n<div class=\"ecxMsoNormal\" style=\"line-height: 115%; text-align: justify;\">&nbsp;Despu\u00e9s de varios d\u00edas de buscar un  local, el afectado se decidi\u00f3 por uno de \u201cPlaza las Am\u00e9ricas\u201d y el d\u00eda 27 de  abril acudi\u00f3 junto con su empleado y Sanabria Flores a realizar los tr\u00e1mites  correspondientes para la renta, pero mientras esperaban a que concluyera la  operaci\u00f3n, el referido sujeto realiz\u00f3 una escala en casa de una supuesta novia y  fue entonces cuando, al llegar al predio, otras personas salieron de un pasillo  del domicilio y sometieron al empresario y a su empleado.<\/div>\n<div class=\"ecxMsoNormal\" style=\"line-height: 115%; text-align: justify;\">Las  v\u00edctimas estuvieron privadas de su libertad en un predio del poniente de la  ciudad y por tal motivo, a fin de evitar que los indiciados intenten evadir la  acci\u00f3n penal en su contra, la Fiscal\u00eda General del Estado solicit\u00f3 la medida  cautelar hasta por 30 d\u00edas, en tanto concluyen la diligencias correspondientes  para la integraci\u00f3n de la averiguaci\u00f3n previa. Los presuntos responsables ya  fueron remitidos al Centro Estatal de Arraigo de esta instituci\u00f3n.<\/div>\n","protected":false},"excerpt":{"rendered":"<p>A &nbsp;solicitud de la Fiscal\u00eda General del Estado, el Juzgado Octavo Penal autoriz\u00f3 el arraigo hasta por 30 d\u00edas en contra de EDGAR EDUARDO VEGA GARC\u00cdA (a) \u201cEl borrego\u201d, HENRY<\/p>\n","protected":false},"author":1,"featured_media":24062,"comment_status":"open","ping_status":"open","sticky":false,"template":"","format":"standard","meta":{"jetpack_post_was_ever_published":false,"_jetpack_newsletter_access":"","_jetpack_dont_email_post_to_subs":false,"_jetpack_newsletter_tier_id":0,"_jetpack_memberships_contains_paywalled_content":false,"_jetpack_memberships_contains_paid_content":false,"footnotes":"","jetpack_publicize_message":"","jetpack_publicize_feature_enabled":true,"jetpack_social_post_already_shared":false,"jetpack_social_options":{"image_generator_settings":{"template":"highway","default_image_id":0,"font":"","enabled":false},"version":2}},"categories":[45,3,1],"tags":[],"class_list":["post-6983","post","type-post","status-publish","format-standard","has-post-thumbnail","hentry","category-delincuentes-vip","category-portada","category-sin-categoria"],"jetpack_publicize_connections":[],"jetpack_featured_media_url":"https:\/\/formalprision.com\/wp-content\/uploads\/2012\/05\/aaaraigados-arra.jpg","jetpack_sharing_enabled":true,"jetpack_shortlink":"https:\/\/wp.me\/p6id8p-1OD","_links":{"self":[{"href":"https:\/\/formalprision.com\/index.php?rest_route=\/wp\/v2\/posts\/6983","targetHints":{"allow":["GET"]}}],"collection":[{"href":"https:\/\/formalprision.com\/index.php?rest_route=\/wp\/v2\/posts"}],"about":[{"href":"https:\/\/formalprision.com\/index.php?rest_route=\/wp\/v2\/types\/post"}],"author":[{"embeddable":true,"href":"https:\/\/formalprision.com\/index.php?rest_route=\/wp\/v2\/users\/1"}],"replies":[{"embeddable":true,"href":"https:\/\/formalprision.com\/index.php?rest_route=%2Fwp%2Fv2%2Fcomments&post=6983"}],"version-history":[{"count":0,"href":"https:\/\/formalprision.com\/index.php?rest_route=\/wp\/v2\/posts\/6983\/revisions"}],"wp:featuredmedia":[{"embeddable":true,"href":"https:\/\/formalprision.com\/index.php?rest_route=\/wp\/v2\/media\/24062"}],"wp:attachment":[{"href":"https:\/\/formalprision.com\/index.php?rest_route=%2Fwp%2Fv2%2Fmedia&parent=6983"}],"wp:term":[{"taxonomy":"category","embeddable":true,"href":"https:\/\/formalprision.com\/index.php?rest_route=%2Fwp%2Fv2%2Fcategories&post=6983"},{"taxonomy":"post_tag","embeddable":true,"href":"https:\/\/formalprision.com\/index.php?rest_route=%2Fwp%2Fv2%2Ftags&post=6983"}],"curies":[{"name":"wp","href":"https:\/\/api.w.org\/{rel}","templated":true}]}}