{"id":6986,"date":"2012-05-05T03:00:00","date_gmt":"2012-05-05T03:00:00","guid":{"rendered":"http:\/\/formalprision.info\/2012\/05\/05\/identifican-secuestrador-muerto-y\/"},"modified":"2015-06-03T08:52:21","modified_gmt":"2015-06-03T08:52:21","slug":"identifican-secuestrador-muerto-y","status":"publish","type":"post","link":"https:\/\/formalprision.com\/?p=6986","title":{"rendered":"Identifican a secuestrador muerto y revelan identidad de los secuestrados"},"content":{"rendered":"<p><\/p>\n<div class=\"separator\" style=\"clear: both; text-align: center;\"><a href=\"http:\/\/3.bp.blogspot.com\/-X1TdJG1XEVQ\/T6SQK-mISdI\/AAAAAAAAGuw\/le-N6s9DBVA\/s1600\/aaaidentificarseseses.JPG\" imageanchor=\"1\" style=\"margin-left: 1em; margin-right: 1em;\"><img loading=\"lazy\" decoding=\"async\" border=\"0\" height=\"213\" src=\"http:\/\/formalprision.com\/wp-content\/uploads\/2012\/05\/aaaidentificarseseses1.jpg\" width=\"320\" \/><\/a><\/div>\n<div class=\"MsoNormal\">Autoridades &nbsp;estatales informaron que el presunto secuestrador yucateco que se suicid\u00f3 durante el rescate de dos rehenes fue identificado como &nbsp;Luis Humberto Uc\u00e1n Pinz\u00f3n.<\/div>\n<div class=\"MsoNormal\">Asimismo, se inform\u00f3 que el empresario secuestrado es Pa\u00fal Daniel Pimentel Esp\u00ednola y el otro es su chofer Rogelio Bauleon Elvira.<\/div>\n<div class=\"MsoNormal\">Pimentel Esp\u00ednola es un empresario de la industria del perfume, con sucursales en Veracruz, donde &nbsp;radica, aunque en la ma\u00f1ana se\u00f1al\u00f3 que era oriundo del estado de M\u00e9xico.<\/div>\n<div class=\"MsoNormal\">El viaj\u00f3 con su asistente a M\u00e9rida porque planeaba abrir una sucursal de su negocio, pero un ex empleado suyo lo sigui\u00f3 hasta esta ciudad junto con sus c\u00f3mplices para secuestrarlo y pedir rescate porque sab\u00eda que manejaba fuertes sumas de dinero.<\/div>\n<div class=\"MsoNormal\">Los cinco secuestradores detenidos por agentes de la SSP y de la Polic\u00eda Federal negaron inicialmente haber cometido el secuestro, pero cayeron en contradicciones sobre su presencia en M\u00e9rida.<\/div>\n<div class=\"MsoNormal\">El yucateco Uc\u00e1n Pinz\u00f3n se suicid\u00f3 cuando se vio perdido, al parecer con un disparo en la cabeza,&nbsp; aunque las autoridades no precisan este dato aun.<\/div>\n<div class=\"MsoNormal\">El empresario secuestrado y su chofer ya interpusieron la denuncia correspondiente y relataron c\u00f3mo sucedieron los hechos.<\/div>\n","protected":false},"excerpt":{"rendered":"<p>Autoridades &nbsp;estatales informaron que el presunto secuestrador yucateco que se suicid\u00f3 durante el rescate de dos rehenes fue identificado como &nbsp;Luis Humberto Uc\u00e1n Pinz\u00f3n. Asimismo, se inform\u00f3 que el empresario<\/p>\n","protected":false},"author":1,"featured_media":24069,"comment_status":"open","ping_status":"open","sticky":false,"template":"","format":"standard","meta":{"jetpack_post_was_ever_published":false,"_jetpack_newsletter_access":"","_jetpack_dont_email_post_to_subs":false,"_jetpack_newsletter_tier_id":0,"_jetpack_memberships_contains_paywalled_content":false,"_jetpack_memberships_contains_paid_content":false,"footnotes":"","jetpack_publicize_message":"","jetpack_publicize_feature_enabled":true,"jetpack_social_post_already_shared":false,"jetpack_social_options":{"image_generator_settings":{"template":"highway","default_image_id":0,"font":"","enabled":false},"version":2}},"categories":[45,58,1,54],"tags":[],"class_list":["post-6986","post","type-post","status-publish","format-standard","has-post-thumbnail","hentry","category-delincuentes-vip","category-rescates","category-sin-categoria","category-yucatan"],"jetpack_publicize_connections":[],"jetpack_featured_media_url":"https:\/\/formalprision.com\/wp-content\/uploads\/2012\/05\/aaaidentificarseseses1.jpg","jetpack_sharing_enabled":true,"jetpack_shortlink":"https:\/\/wp.me\/p6id8p-1OG","_links":{"self":[{"href":"https:\/\/formalprision.com\/index.php?rest_route=\/wp\/v2\/posts\/6986","targetHints":{"allow":["GET"]}}],"collection":[{"href":"https:\/\/formalprision.com\/index.php?rest_route=\/wp\/v2\/posts"}],"about":[{"href":"https:\/\/formalprision.com\/index.php?rest_route=\/wp\/v2\/types\/post"}],"author":[{"embeddable":true,"href":"https:\/\/formalprision.com\/index.php?rest_route=\/wp\/v2\/users\/1"}],"replies":[{"embeddable":true,"href":"https:\/\/formalprision.com\/index.php?rest_route=%2Fwp%2Fv2%2Fcomments&post=6986"}],"version-history":[{"count":0,"href":"https:\/\/formalprision.com\/index.php?rest_route=\/wp\/v2\/posts\/6986\/revisions"}],"wp:featuredmedia":[{"embeddable":true,"href":"https:\/\/formalprision.com\/index.php?rest_route=\/wp\/v2\/media\/24069"}],"wp:attachment":[{"href":"https:\/\/formalprision.com\/index.php?rest_route=%2Fwp%2Fv2%2Fmedia&parent=6986"}],"wp:term":[{"taxonomy":"category","embeddable":true,"href":"https:\/\/formalprision.com\/index.php?rest_route=%2Fwp%2Fv2%2Fcategories&post=6986"},{"taxonomy":"post_tag","embeddable":true,"href":"https:\/\/formalprision.com\/index.php?rest_route=%2Fwp%2Fv2%2Ftags&post=6986"}],"curies":[{"name":"wp","href":"https:\/\/api.w.org\/{rel}","templated":true}]}}