{"id":6989,"date":"2012-05-05T01:24:00","date_gmt":"2012-05-05T01:24:00","guid":{"rendered":"http:\/\/formalprision.info\/2012\/05\/05\/chiapanecos-lesionados-en-el-centro-en\/"},"modified":"2015-06-03T08:52:22","modified_gmt":"2015-06-03T08:52:22","slug":"chiapanecos-lesionados-en-el-centro-en","status":"publish","type":"post","link":"https:\/\/formalprision.com\/?p=6989","title":{"rendered":"Chiapanecos lesionados en el centro en un choque"},"content":{"rendered":"<p><\/p>\n<div class=\"separator\" style=\"clear: both; text-align: center;\"><a href=\"http:\/\/4.bp.blogspot.com\/-tBnYWaHg8l4\/T6SBIe238eI\/AAAAAAAAGuM\/kFlOyj2MgXI\/s1600\/aaachiapasnecos.JPG\" imageanchor=\"1\" style=\"margin-left: 1em; margin-right: 1em;\"><img loading=\"lazy\" decoding=\"async\" border=\"0\" height=\"239\" src=\"http:\/\/formalprision.com\/wp-content\/uploads\/2012\/05\/aaachiapasnecos.jpg\" width=\"320\" \/><\/a><\/div>\n<div class=\"MsoNormal\">Un accidente registrado esta tarde en la calle 42 por 65 del centro dej\u00f3 dos personas lesionadas, ambas del estado de Chiapas.<\/div>\n<div class=\"MsoNormal\">El percance ocurri\u00f3 a las 17:40 horas y estuvieron involucrados el Nissan Versa placas del estado de Chiapas DRK-26002 y el Volquete placas YP-13-020 conducidos por Arisav Sandoval Lozada y Braulio Balam Chim, respectivamente.<\/div>\n<div class=\"MsoNormal\">Los hechos acontecieron cuando el guiador del Versa transitaba de norte a sur sobre la calle 42 y al llegar a la intersecci\u00f3n con la 65, no respet\u00f3 el disco de alto.<\/div>\n<div class=\"MsoNormal\">Su veh\u00edculo fue impactado en el costado izquierdo por el Volquete que circulaba de oriente a poniente sobre la calle 65.<\/div>\n<div class=\"MsoNormal\">Por el impacto, resultaron lesionados Mayeli Lucio Rojas y Carlos David Garate Sosa. ambos pasajeros del Nissan Versa.<\/div>\n<div class=\"MsoNormal\">Fueron atendidos por &nbsp;param\u00e9dicos de la Polic\u00eda Municipal de M\u00e9rida.<\/div>\n<div class=\"MsoNormal\"><\/div>\n","protected":false},"excerpt":{"rendered":"<p>Un accidente registrado esta tarde en la calle 42 por 65 del centro dej\u00f3 dos personas lesionadas, ambas del estado de Chiapas. El percance ocurri\u00f3 a las 17:40 horas y<\/p>\n","protected":false},"author":1,"featured_media":24075,"comment_status":"open","ping_status":"open","sticky":false,"template":"","format":"standard","meta":{"jetpack_post_was_ever_published":false,"_jetpack_newsletter_access":"","_jetpack_dont_email_post_to_subs":false,"_jetpack_newsletter_tier_id":0,"_jetpack_memberships_contains_paywalled_content":false,"_jetpack_memberships_contains_paid_content":false,"footnotes":"","jetpack_publicize_message":"","jetpack_publicize_feature_enabled":true,"jetpack_social_post_already_shared":false,"jetpack_social_options":{"image_generator_settings":{"template":"highway","default_image_id":0,"font":"","enabled":false},"version":2}},"categories":[60,3,1],"tags":[],"class_list":["post-6989","post","type-post","status-publish","format-standard","has-post-thumbnail","hentry","category-cafres","category-portada","category-sin-categoria"],"jetpack_publicize_connections":[],"jetpack_featured_media_url":"https:\/\/formalprision.com\/wp-content\/uploads\/2012\/05\/aaachiapasnecos.jpg","jetpack_sharing_enabled":true,"jetpack_shortlink":"https:\/\/wp.me\/p6id8p-1OJ","_links":{"self":[{"href":"https:\/\/formalprision.com\/index.php?rest_route=\/wp\/v2\/posts\/6989","targetHints":{"allow":["GET"]}}],"collection":[{"href":"https:\/\/formalprision.com\/index.php?rest_route=\/wp\/v2\/posts"}],"about":[{"href":"https:\/\/formalprision.com\/index.php?rest_route=\/wp\/v2\/types\/post"}],"author":[{"embeddable":true,"href":"https:\/\/formalprision.com\/index.php?rest_route=\/wp\/v2\/users\/1"}],"replies":[{"embeddable":true,"href":"https:\/\/formalprision.com\/index.php?rest_route=%2Fwp%2Fv2%2Fcomments&post=6989"}],"version-history":[{"count":0,"href":"https:\/\/formalprision.com\/index.php?rest_route=\/wp\/v2\/posts\/6989\/revisions"}],"wp:featuredmedia":[{"embeddable":true,"href":"https:\/\/formalprision.com\/index.php?rest_route=\/wp\/v2\/media\/24075"}],"wp:attachment":[{"href":"https:\/\/formalprision.com\/index.php?rest_route=%2Fwp%2Fv2%2Fmedia&parent=6989"}],"wp:term":[{"taxonomy":"category","embeddable":true,"href":"https:\/\/formalprision.com\/index.php?rest_route=%2Fwp%2Fv2%2Fcategories&post=6989"},{"taxonomy":"post_tag","embeddable":true,"href":"https:\/\/formalprision.com\/index.php?rest_route=%2Fwp%2Fv2%2Ftags&post=6989"}],"curies":[{"name":"wp","href":"https:\/\/api.w.org\/{rel}","templated":true}]}}