{"id":6990,"date":"2012-05-04T19:45:00","date_gmt":"2012-05-04T19:45:00","guid":{"rendered":"http:\/\/formalprision.info\/2012\/05\/04\/volvimos-nacer-dicen-empresarios\/"},"modified":"2015-06-03T08:52:22","modified_gmt":"2015-06-03T08:52:22","slug":"volvimos-nacer-dicen-empresarios","status":"publish","type":"post","link":"https:\/\/formalprision.com\/?p=6990","title":{"rendered":"Volvimos a nacer,  dicen empresarios secuestrados en M\u00e9rida"},"content":{"rendered":"<p><\/p>\n<div class=\"separator\" style=\"clear: both; text-align: center;\"><a href=\"http:\/\/1.bp.blogspot.com\/-d8yZDE_DP68\/T6Qvf7WDBbI\/AAAAAAAAGt0\/Lh6X7qVr7iE\/s1600\/aaalecciondevida.JPG\" imageanchor=\"1\" style=\"margin-left: 1em; margin-right: 1em;\"><img loading=\"lazy\" decoding=\"async\" border=\"0\" height=\"213\" src=\"http:\/\/formalprision.com\/wp-content\/uploads\/2012\/05\/aaalecciondevida.jpg\" width=\"320\" \/><\/a><\/div>\n<div class=\"MsoNormal\" style=\"background: white; line-height: 19.2pt; margin-bottom: .0001pt; margin-bottom: 0cm; text-align: justify;\">Seis d\u00edas de angustia, temor y vejaciones vivieron los dos empresarios for\u00e1neos que fueron secuestrados en M\u00e9rida por una banda del crimen organizado.<\/div>\n<div class=\"MsoNormal\" style=\"background: white; line-height: 19.2pt; margin-bottom: .0001pt; margin-bottom: 0cm; text-align: justify;\">\u201cNos golpearon y torturaron..sent\u00edamos mucho miedo \u2013relat\u00f3 uno de los empresarios secuestrados luego de ser rescatado en un operativo conjunto de la Polic\u00eda Federal y la Secretar\u00eda de Seguridad P\u00fablica.<\/div>\n<div class=\"MsoNormal\" style=\"background: white; line-height: 19.2pt; margin-bottom: .0001pt; margin-bottom: 0cm; text-align: justify;\">Ambos dijeron ser oriundos del Estado de M\u00e9xico, pero con negocios en varias partes del pa\u00eds, entre ellos en Veracruz, entidad de donde son los plagiarios detenidos.<\/div>\n<div class=\"MsoNormal\" style=\"background: white; line-height: 19.2pt; margin-bottom: .0001pt; margin-bottom: 0cm; text-align: justify;\">Los dos se encontraban en M\u00e9rida de negocios, pero, seg\u00fan los primeros reportes, ya les segu\u00edan los pasos la banda de secuestradores porque uno de ellos era o hab\u00eda sido empleado de uno de los empresarios.<\/div>\n<div class=\"MsoNormal\" style=\"background: white; line-height: 19.2pt; margin-bottom: .0001pt; margin-bottom: 0cm; text-align: justify;\">\u201cNos levantaron el viernes y nos llevaron a una casa\u2026ah\u00ed nos golpearon, nos dijeron que nos iban a matar\u2026sentimos mucho miedo\u201d \u2013relat\u00f3 al reportero el m\u00e1s joven de los plagiados.<\/div>\n<div class=\"MsoNormal\" style=\"background: white; line-height: 19.2pt; margin-bottom: .0001pt; margin-bottom: 0cm; text-align: justify;\">_Quiero agradecer mucho a la Polic\u00eda Federal y a la polic\u00eda del Estado por habernos rescatado, muchas gracias y bendiciones para ellos porque gracias a ellos volvimos a nacer -dijo el otro de los secuestrados tras su liberaci\u00f3n.<\/div>\n<div class=\"MsoNormal\" style=\"background: white; line-height: 19.2pt; margin-bottom: .0001pt; margin-bottom: 0cm; text-align: justify;\">Ambos dieron pocos detalles, pues todav\u00eda estaban angustiados por lo sucedido, pues admitieron que no pensaron salir con vida.<\/div>\n<div class=\"MsoNormal\" style=\"background: white; line-height: 19.2pt; margin-bottom: .0001pt; margin-bottom: 0cm; text-align: justify;\">Dijeron que los mantuvieron con los ojos vendados durante el cautiverio y temieron mucho por sus vidas, pues los plagiarios daban muestras de estar decididos a todo.<\/div>\n<div class=\"MsoNormal\" style=\"background: white; line-height: 19.2pt; margin-bottom: .0001pt; margin-bottom: 0cm; text-align: justify;\">Las v\u00edctimas permanecer\u00e1n en la ciudad para aportar todos los detalles a las autoridades ministeriales que ya tienen a su cargo el caso.<\/div>\n<p>La liberaci\u00f3n ocurri\u00f3 en una casa de la calle 80 por 13 Diagonal 1 de Residencial Pensiones (Acom)<\/p>\n","protected":false},"excerpt":{"rendered":"<p>Seis d\u00edas de angustia, temor y vejaciones vivieron los dos empresarios for\u00e1neos que fueron secuestrados en M\u00e9rida por una banda del crimen organizado. \u201cNos golpearon y torturaron..sent\u00edamos mucho miedo \u2013relat\u00f3<\/p>\n","protected":false},"author":1,"featured_media":24077,"comment_status":"open","ping_status":"open","sticky":false,"template":"","format":"standard","meta":{"jetpack_post_was_ever_published":false,"_jetpack_newsletter_access":"","_jetpack_dont_email_post_to_subs":false,"_jetpack_newsletter_tier_id":0,"_jetpack_memberships_contains_paywalled_content":false,"_jetpack_memberships_contains_paid_content":false,"footnotes":"","jetpack_publicize_message":"","jetpack_publicize_feature_enabled":true,"jetpack_social_post_already_shared":false,"jetpack_social_options":{"image_generator_settings":{"template":"highway","default_image_id":0,"font":"","enabled":false},"version":2}},"categories":[3,58,1],"tags":[],"class_list":["post-6990","post","type-post","status-publish","format-standard","has-post-thumbnail","hentry","category-portada","category-rescates","category-sin-categoria"],"jetpack_publicize_connections":[],"jetpack_featured_media_url":"https:\/\/formalprision.com\/wp-content\/uploads\/2012\/05\/aaalecciondevida.jpg","jetpack_sharing_enabled":true,"jetpack_shortlink":"https:\/\/wp.me\/p6id8p-1OK","_links":{"self":[{"href":"https:\/\/formalprision.com\/index.php?rest_route=\/wp\/v2\/posts\/6990","targetHints":{"allow":["GET"]}}],"collection":[{"href":"https:\/\/formalprision.com\/index.php?rest_route=\/wp\/v2\/posts"}],"about":[{"href":"https:\/\/formalprision.com\/index.php?rest_route=\/wp\/v2\/types\/post"}],"author":[{"embeddable":true,"href":"https:\/\/formalprision.com\/index.php?rest_route=\/wp\/v2\/users\/1"}],"replies":[{"embeddable":true,"href":"https:\/\/formalprision.com\/index.php?rest_route=%2Fwp%2Fv2%2Fcomments&post=6990"}],"version-history":[{"count":0,"href":"https:\/\/formalprision.com\/index.php?rest_route=\/wp\/v2\/posts\/6990\/revisions"}],"wp:featuredmedia":[{"embeddable":true,"href":"https:\/\/formalprision.com\/index.php?rest_route=\/wp\/v2\/media\/24077"}],"wp:attachment":[{"href":"https:\/\/formalprision.com\/index.php?rest_route=%2Fwp%2Fv2%2Fmedia&parent=6990"}],"wp:term":[{"taxonomy":"category","embeddable":true,"href":"https:\/\/formalprision.com\/index.php?rest_route=%2Fwp%2Fv2%2Fcategories&post=6990"},{"taxonomy":"post_tag","embeddable":true,"href":"https:\/\/formalprision.com\/index.php?rest_route=%2Fwp%2Fv2%2Ftags&post=6990"}],"curies":[{"name":"wp","href":"https:\/\/api.w.org\/{rel}","templated":true}]}}